{"id":22364,"date":"2018-11-21T13:47:11","date_gmt":"2018-11-21T12:47:11","guid":{"rendered":"http:\/\/www.riyadelcadi.com\/de\/?p=22364"},"modified":"2022-09-22T21:32:25","modified_gmt":"2022-09-22T19:32:25","slug":"22364","status":"publish","type":"post","link":"https:\/\/www.riyadelcadi.com\/de\/22364\/","title":{"rendered":"Riyad El Cadi in der ICON"},"content":{"rendered":"<div class=\"wpb-content-wrapper\"><p>[vc_row][vc_column][vc_column_text]<\/p>\n<div class=\"ghost-button-offers\"><img decoding=\"async\" class=\"wp-image-22366 size-medium alignleft\" src=\"https:\/\/www.riyadelcadi.com\/wp-content\/uploads\/2018\/11\/Bildschirmfoto-2018-11-21-um-13.41.22-400x182.png\" alt=\"\" width=\"400\" height=\"182\" srcset=\"https:\/\/www.riyadelcadi.com\/wp-content\/uploads\/2018\/11\/Bildschirmfoto-2018-11-21-um-13.41.22-400x182.png 400w, https:\/\/www.riyadelcadi.com\/wp-content\/uploads\/2018\/11\/Bildschirmfoto-2018-11-21-um-13.41.22.png 671w\" sizes=\"(max-width: 400px) 100vw, 400px\" \/>&#8222;Anders als andere gehobene Riyads der Stadt hat man im \u201eEl Cadi\u201c nicht den Eindruck, dass jeder Winkel des Hotels eine Bewerbung f\u00fcr Instagram ist, die auf die Projektionen westlicher Touristen setzt, wie \u201eexotische\u201c und \u201eorientalische\u201c H\u00e4user auszusehen haben. Julia Bartels, die Tochter des inzwischen verstorbenen Diplomaten, f\u00fchrt das Hotel, und sie hat sich f\u00fcr einen Luxus entschieden, der von Kennerschaft zeugt: Mit einer Kunst- und Antiquit\u00e4tensammlung, die nichts hinausschreit. Mit M\u00f6beln, bei denen man sich dabei ertappt, wie man sie streichelt. Mit Betten, die k\u00fchl und einladend zum tr\u00e4umerischen Halbschlaf verf\u00fchren. Es herrscht eine sehr pers\u00f6nliche Atmosph\u00e4re, so als w\u00e4re man zu Besuch bei polyglotten Verwandten.&#8220; <strong>ICON, November 2018, S. 96<\/strong><\/div>\n<p><!--more--><\/p>\n<p>&nbsp;<\/p>\n<p><a href=\"https:\/\/www.riyadelcadi.com\/wp-content\/uploads\/2018\/11\/2018-11-ICON-Seite-96.pdf\" target=\"_blank\" rel=\"noopener noreferrer\"><img decoding=\"async\" class=\"alignnone wp-image-22780 size-medium\" src=\"https:\/\/www.riyadelcadi.com\/wp-content\/uploads\/2019\/01\/Icon-WAMS-400x433.jpg\" alt=\"\" width=\"400\" height=\"433\" \/><\/a><\/p>\n<p>Beitrag Riyad El Cadi PDF[\/vc_column_text][\/vc_column][\/vc_row]<\/p>\n<\/div>","protected":false},"excerpt":{"rendered":"<p>[vc_row][vc_column][vc_column_text] &#8222;Anders als andere gehobene Riyads der Stadt hat man im \u201eEl Cadi\u201c nicht den Eindruck, dass jeder Winkel des Hotels eine Bewerbung f\u00fcr Instagram ist, die auf die Projektionen westlicher Touristen setzt, wie \u201eexotische\u201c und \u201eorientalische\u201c H\u00e4user auszusehen haben. Julia Bartels, die Tochter des inzwischen verstorbenen Diplomaten, f\u00fchrt das Hotel, und sie hat sich [&hellip;]<\/p>\n","protected":false},"author":4,"featured_media":0,"comment_status":"closed","ping_status":"open","sticky":false,"template":"","format":"standard","meta":{"footnotes":""},"categories":[95,96],"tags":[],"yoast_head":"<!-- This site is optimized with the Yoast SEO plugin v24.5 - https:\/\/yoast.com\/wordpress\/plugins\/seo\/ -->\n<title>Riyad El Cadi in der ICON - Riyad El Cadi<\/title>\n<meta name=\"robots\" content=\"index, follow, max-snippet:-1, max-image-preview:large, max-video-preview:-1\" \/>\n<link rel=\"canonical\" href=\"https:\/\/www.riyadelcadi.com\/de\/22364\/\" \/>\n<meta property=\"og:locale\" content=\"de_DE\" \/>\n<meta property=\"og:type\" content=\"article\" \/>\n<meta property=\"og:title\" content=\"Riyad El Cadi in der ICON - Riyad El Cadi\" \/>\n<meta property=\"og:description\" content=\"[vc_row][vc_column][vc_column_text] &#8222;Anders als andere gehobene Riyads der Stadt hat man im \u201eEl Cadi\u201c nicht den Eindruck, dass jeder Winkel des Hotels eine Bewerbung f\u00fcr Instagram ist, die auf die Projektionen westlicher Touristen setzt, wie \u201eexotische\u201c und \u201eorientalische\u201c H\u00e4user auszusehen haben. Julia Bartels, die Tochter des inzwischen verstorbenen Diplomaten, f\u00fchrt das Hotel, und sie hat sich [&hellip;]\" \/>\n<meta property=\"og:url\" content=\"https:\/\/www.riyadelcadi.com\/de\/22364\/\" \/>\n<meta property=\"og:site_name\" content=\"Riyad El Cadi\" \/>\n<meta property=\"article:publisher\" content=\"https:\/\/www.facebook.com\/RiyadElCadi\/\" \/>\n<meta property=\"article:published_time\" content=\"2018-11-21T12:47:11+00:00\" \/>\n<meta property=\"article:modified_time\" content=\"2022-09-22T19:32:25+00:00\" \/>\n<meta property=\"og:image\" content=\"https:\/\/www.riyadelcadi.com\/wp-content\/uploads\/2018\/11\/Bildschirmfoto-2018-11-21-um-13.41.22-400x182.png\" \/>\n<meta name=\"author\" content=\"Julia Bartels\" \/>\n<meta name=\"twitter:card\" content=\"summary_large_image\" \/>\n<meta name=\"twitter:label1\" content=\"Verfasst von\" \/>\n\t<meta name=\"twitter:data1\" content=\"Julia Bartels\" \/>\n\t<meta name=\"twitter:label2\" content=\"Gesch\u00e4tzte Lesezeit\" \/>\n\t<meta name=\"twitter:data2\" content=\"2\u00a0Minuten\" \/>\n<script type=\"application\/ld+json\" class=\"yoast-schema-graph\">{\"@context\":\"https:\/\/schema.org\",\"@graph\":[{\"@type\":\"WebPage\",\"@id\":\"https:\/\/www.riyadelcadi.com\/de\/22364\/\",\"url\":\"https:\/\/www.riyadelcadi.com\/de\/22364\/\",\"name\":\"Riyad El Cadi in der ICON - Riyad El Cadi\",\"isPartOf\":{\"@id\":\"https:\/\/www.riyadelcadi.com\/de\/#website\"},\"primaryImageOfPage\":{\"@id\":\"https:\/\/www.riyadelcadi.com\/de\/22364\/#primaryimage\"},\"image\":{\"@id\":\"https:\/\/www.riyadelcadi.com\/de\/22364\/#primaryimage\"},\"thumbnailUrl\":\"https:\/\/www.riyadelcadi.com\/wp-content\/uploads\/2018\/11\/Bildschirmfoto-2018-11-21-um-13.41.22-400x182.png\",\"datePublished\":\"2018-11-21T12:47:11+00:00\",\"dateModified\":\"2022-09-22T19:32:25+00:00\",\"author\":{\"@id\":\"https:\/\/www.riyadelcadi.com\/de\/#\/schema\/person\/6501a3f629db18435c5292b8ba5e348d\"},\"breadcrumb\":{\"@id\":\"https:\/\/www.riyadelcadi.com\/de\/22364\/#breadcrumb\"},\"inLanguage\":\"de\",\"potentialAction\":[{\"@type\":\"ReadAction\",\"target\":[\"https:\/\/www.riyadelcadi.com\/de\/22364\/\"]}]},{\"@type\":\"ImageObject\",\"inLanguage\":\"de\",\"@id\":\"https:\/\/www.riyadelcadi.com\/de\/22364\/#primaryimage\",\"url\":\"https:\/\/www.riyadelcadi.com\/wp-content\/uploads\/2018\/11\/Bildschirmfoto-2018-11-21-um-13.41.22-400x182.png\",\"contentUrl\":\"https:\/\/www.riyadelcadi.com\/wp-content\/uploads\/2018\/11\/Bildschirmfoto-2018-11-21-um-13.41.22-400x182.png\"},{\"@type\":\"BreadcrumbList\",\"@id\":\"https:\/\/www.riyadelcadi.com\/de\/22364\/#breadcrumb\",\"itemListElement\":[{\"@type\":\"ListItem\",\"position\":1,\"name\":\"Startseite\",\"item\":\"https:\/\/www.riyadelcadi.com\/de\/\"},{\"@type\":\"ListItem\",\"position\":2,\"name\":\"Riyad El Cadi in der ICON\"}]},{\"@type\":\"WebSite\",\"@id\":\"https:\/\/www.riyadelcadi.com\/de\/#website\",\"url\":\"https:\/\/www.riyadelcadi.com\/de\/\",\"name\":\"Riyad El Cadi\",\"description\":\"Riad mit Stil in Marrakesch\",\"potentialAction\":[{\"@type\":\"SearchAction\",\"target\":{\"@type\":\"EntryPoint\",\"urlTemplate\":\"https:\/\/www.riyadelcadi.com\/de\/?s={search_term_string}\"},\"query-input\":{\"@type\":\"PropertyValueSpecification\",\"valueRequired\":true,\"valueName\":\"search_term_string\"}}],\"inLanguage\":\"de\"},{\"@type\":\"Person\",\"@id\":\"https:\/\/www.riyadelcadi.com\/de\/#\/schema\/person\/6501a3f629db18435c5292b8ba5e348d\",\"name\":\"Julia Bartels\",\"sameAs\":[\"http:\/\/www.riyadelcadi.com\"],\"url\":\"https:\/\/www.riyadelcadi.com\/de\/author\/jeuc762xhuzc99\/\"}]}<\/script>\n<!-- \/ Yoast SEO plugin. -->","yoast_head_json":{"title":"Riyad El Cadi in der ICON - Riyad El Cadi","robots":{"index":"index","follow":"follow","max-snippet":"max-snippet:-1","max-image-preview":"max-image-preview:large","max-video-preview":"max-video-preview:-1"},"canonical":"https:\/\/www.riyadelcadi.com\/de\/22364\/","og_locale":"de_DE","og_type":"article","og_title":"Riyad El Cadi in der ICON - Riyad El Cadi","og_description":"[vc_row][vc_column][vc_column_text] &#8222;Anders als andere gehobene Riyads der Stadt hat man im \u201eEl Cadi\u201c nicht den Eindruck, dass jeder Winkel des Hotels eine Bewerbung f\u00fcr Instagram ist, die auf die Projektionen westlicher Touristen setzt, wie \u201eexotische\u201c und \u201eorientalische\u201c H\u00e4user auszusehen haben. Julia Bartels, die Tochter des inzwischen verstorbenen Diplomaten, f\u00fchrt das Hotel, und sie hat sich [&hellip;]","og_url":"https:\/\/www.riyadelcadi.com\/de\/22364\/","og_site_name":"Riyad El Cadi","article_publisher":"https:\/\/www.facebook.com\/RiyadElCadi\/","article_published_time":"2018-11-21T12:47:11+00:00","article_modified_time":"2022-09-22T19:32:25+00:00","og_image":[{"url":"https:\/\/www.riyadelcadi.com\/wp-content\/uploads\/2018\/11\/Bildschirmfoto-2018-11-21-um-13.41.22-400x182.png","type":"","width":"","height":""}],"author":"Julia Bartels","twitter_card":"summary_large_image","twitter_misc":{"Verfasst von":"Julia Bartels","Gesch\u00e4tzte Lesezeit":"2\u00a0Minuten"},"schema":{"@context":"https:\/\/schema.org","@graph":[{"@type":"WebPage","@id":"https:\/\/www.riyadelcadi.com\/de\/22364\/","url":"https:\/\/www.riyadelcadi.com\/de\/22364\/","name":"Riyad El Cadi in der ICON - Riyad El Cadi","isPartOf":{"@id":"https:\/\/www.riyadelcadi.com\/de\/#website"},"primaryImageOfPage":{"@id":"https:\/\/www.riyadelcadi.com\/de\/22364\/#primaryimage"},"image":{"@id":"https:\/\/www.riyadelcadi.com\/de\/22364\/#primaryimage"},"thumbnailUrl":"https:\/\/www.riyadelcadi.com\/wp-content\/uploads\/2018\/11\/Bildschirmfoto-2018-11-21-um-13.41.22-400x182.png","datePublished":"2018-11-21T12:47:11+00:00","dateModified":"2022-09-22T19:32:25+00:00","author":{"@id":"https:\/\/www.riyadelcadi.com\/de\/#\/schema\/person\/6501a3f629db18435c5292b8ba5e348d"},"breadcrumb":{"@id":"https:\/\/www.riyadelcadi.com\/de\/22364\/#breadcrumb"},"inLanguage":"de","potentialAction":[{"@type":"ReadAction","target":["https:\/\/www.riyadelcadi.com\/de\/22364\/"]}]},{"@type":"ImageObject","inLanguage":"de","@id":"https:\/\/www.riyadelcadi.com\/de\/22364\/#primaryimage","url":"https:\/\/www.riyadelcadi.com\/wp-content\/uploads\/2018\/11\/Bildschirmfoto-2018-11-21-um-13.41.22-400x182.png","contentUrl":"https:\/\/www.riyadelcadi.com\/wp-content\/uploads\/2018\/11\/Bildschirmfoto-2018-11-21-um-13.41.22-400x182.png"},{"@type":"BreadcrumbList","@id":"https:\/\/www.riyadelcadi.com\/de\/22364\/#breadcrumb","itemListElement":[{"@type":"ListItem","position":1,"name":"Startseite","item":"https:\/\/www.riyadelcadi.com\/de\/"},{"@type":"ListItem","position":2,"name":"Riyad El Cadi in der ICON"}]},{"@type":"WebSite","@id":"https:\/\/www.riyadelcadi.com\/de\/#website","url":"https:\/\/www.riyadelcadi.com\/de\/","name":"Riyad El Cadi","description":"Riad mit Stil in Marrakesch","potentialAction":[{"@type":"SearchAction","target":{"@type":"EntryPoint","urlTemplate":"https:\/\/www.riyadelcadi.com\/de\/?s={search_term_string}"},"query-input":{"@type":"PropertyValueSpecification","valueRequired":true,"valueName":"search_term_string"}}],"inLanguage":"de"},{"@type":"Person","@id":"https:\/\/www.riyadelcadi.com\/de\/#\/schema\/person\/6501a3f629db18435c5292b8ba5e348d","name":"Julia Bartels","sameAs":["http:\/\/www.riyadelcadi.com"],"url":"https:\/\/www.riyadelcadi.com\/de\/author\/jeuc762xhuzc99\/"}]}},"_links":{"self":[{"href":"https:\/\/www.riyadelcadi.com\/de\/wp-json\/wp\/v2\/posts\/22364"}],"collection":[{"href":"https:\/\/www.riyadelcadi.com\/de\/wp-json\/wp\/v2\/posts"}],"about":[{"href":"https:\/\/www.riyadelcadi.com\/de\/wp-json\/wp\/v2\/types\/post"}],"author":[{"embeddable":true,"href":"https:\/\/www.riyadelcadi.com\/de\/wp-json\/wp\/v2\/users\/4"}],"replies":[{"embeddable":true,"href":"https:\/\/www.riyadelcadi.com\/de\/wp-json\/wp\/v2\/comments?post=22364"}],"version-history":[{"count":0,"href":"https:\/\/www.riyadelcadi.com\/de\/wp-json\/wp\/v2\/posts\/22364\/revisions"}],"wp:attachment":[{"href":"https:\/\/www.riyadelcadi.com\/de\/wp-json\/wp\/v2\/media?parent=22364"}],"wp:term":[{"taxonomy":"category","embeddable":true,"href":"https:\/\/www.riyadelcadi.com\/de\/wp-json\/wp\/v2\/categories?post=22364"},{"taxonomy":"post_tag","embeddable":true,"href":"https:\/\/www.riyadelcadi.com\/de\/wp-json\/wp\/v2\/tags?post=22364"}],"curies":[{"name":"wp","href":"https:\/\/api.w.org\/{rel}","templated":true}]}}