{"id":22290,"date":"2018-09-26T11:27:06","date_gmt":"2018-09-26T09:27:06","guid":{"rendered":"http:\/\/www.riyadelcadi.com\/?p=22290"},"modified":"2019-06-17T10:13:54","modified_gmt":"2019-06-17T08:13:54","slug":"kochreisefuehrer-von-patrick-rosenthal","status":"publish","type":"post","link":"https:\/\/www.riyadelcadi.com\/de\/kochreisefuehrer-von-patrick-rosenthal\/","title":{"rendered":"Kochreisef\u00fchrer von Patrick Rosenthal"},"content":{"rendered":"<div class=\"ghost-button-offers\"><img decoding=\"async\" class=\"alignleft wp-image-22291 size-medium\" src=\"https:\/\/www.riyadelcadi.com\/wp-content\/uploads\/2018\/09\/Rosenthal-Marrakesch_Seite_001-325x400.jpg\" alt=\"\" width=\"325\" height=\"400\" \/>Superfoodie <a href=\"https:\/\/www.patrickrosenthal.de\"><strong>Patrick Rosenthal<\/strong><\/a> liebt Marrakech und gutes Essen und findet: Im Riyad El Cadi gibt es &#8222;tolles Essen&#8220;! Von ihm ist nun ein Koch-Reisef\u00fchrer &#8222;Marrakesch&#8220; im EMF-Verlag ver\u00f6ffentlicht worden mit <a href=\"https:\/\/www.riyadelcadi.com\/wp-content\/uploads\/2018\/09\/2018-09-Rosenthal-Marrakesch-1.pdf\"><strong>wundervollen Rezepten, Bildern und Tips<\/strong><\/a>. Wir finden, das ist die beste Einstimmung auf einen wundersch\u00f6nen und leckeren Urlaub in Marrakesch. <!--more-->Ein einfaches Rezept ist die Tajine mit Datteln und Zimt zeigt sehr sch\u00f6n die Leidenschaft der Marokkaner f\u00fcr s\u00fc\u00df-herzhafte Speisen.<\/div>\n<p>Buch im Handel und bei <a href=\"https:\/\/www.amazon.de\/gp\/product\/3960930453\/\" target=\"_blank\" rel=\"noopener noreferrer\">Amazon<\/a> erh\u00e4ltlich.<\/p>\n<p>&nbsp;<\/p>\n<div id=\"attachment_22294\" style=\"width: 210px\" class=\"wp-caption alignleft\"><a href=\"https:\/\/www.riyadelcadi.com\/wp-content\/uploads\/2018\/09\/Rosenthal-Marrakesch_Tajine-Datteln-1.pdf\" target=\"_blank\" rel=\"noopener noreferrer\"><img decoding=\"async\" aria-describedby=\"caption-attachment-22294\" class=\"wp-image-22294 size-thumbnail\" src=\"https:\/\/www.riyadelcadi.com\/wp-content\/uploads\/2018\/09\/Rosenthal-Marrakesch_Seite_043-200x200.jpg\" alt=\"\" width=\"200\" height=\"200\" \/><\/a><p id=\"caption-attachment-22294\" class=\"wp-caption-text\">Rezept f\u00fcr die Tajine als PDF<\/p><\/div>\n<div id=\"attachment_22303\" style=\"width: 210px\" class=\"wp-caption alignleft\"><a href=\"https:\/\/www.riyadelcadi.com\/wp-content\/uploads\/2018\/09\/2018-09-Rosenthal-Marrakesch-1.pdf\" target=\"_blank\" rel=\"noopener noreferrer\"><img decoding=\"async\" aria-describedby=\"caption-attachment-22303\" class=\"wp-image-22303 size-thumbnail\" src=\"https:\/\/www.riyadelcadi.com\/wp-content\/uploads\/2018\/09\/Rosenthal-Marrakesch_Seite_104-200x200.jpg\" alt=\"\" width=\"200\" height=\"200\" \/><\/a><p id=\"caption-attachment-22303\" class=\"wp-caption-text\">Beitrag Riyad El Cadi PDF<\/p><\/div>\n","protected":false},"excerpt":{"rendered":"<p>Superfoodie Patrick Rosenthal liebt Marrakech und gutes Essen und findet: Im Riyad El Cadi gibt es &#8222;tolles Essen&#8220;! Von ihm ist nun ein Koch-Reisef\u00fchrer &#8222;Marrakesch&#8220; im EMF-Verlag ver\u00f6ffentlicht worden mit wundervollen Rezepten, Bildern und Tips. Wir finden, das ist die beste Einstimmung auf einen wundersch\u00f6nen und leckeren Urlaub in Marrakesch.<\/p>\n","protected":false},"author":4,"featured_media":0,"comment_status":"closed","ping_status":"open","sticky":false,"template":"","format":"standard","meta":{"footnotes":""},"categories":[95,96,3],"tags":[],"yoast_head":"<!-- This site is optimized with the Yoast SEO plugin v24.5 - https:\/\/yoast.com\/wordpress\/plugins\/seo\/ -->\n<title>Kochreisef\u00fchrer von Patrick Rosenthal - Riyad El Cadi<\/title>\n<meta name=\"robots\" content=\"index, follow, max-snippet:-1, max-image-preview:large, max-video-preview:-1\" \/>\n<link rel=\"canonical\" href=\"https:\/\/www.riyadelcadi.com\/de\/kochreisefuehrer-von-patrick-rosenthal\/\" \/>\n<meta property=\"og:locale\" content=\"de_DE\" \/>\n<meta property=\"og:type\" content=\"article\" \/>\n<meta property=\"og:title\" content=\"Kochreisef\u00fchrer von Patrick Rosenthal - Riyad El Cadi\" \/>\n<meta property=\"og:description\" content=\"Superfoodie Patrick Rosenthal liebt Marrakech und gutes Essen und findet: Im Riyad El Cadi gibt es &#8222;tolles Essen&#8220;! Von ihm ist nun ein Koch-Reisef\u00fchrer &#8222;Marrakesch&#8220; im EMF-Verlag ver\u00f6ffentlicht worden mit wundervollen Rezepten, Bildern und Tips. Wir finden, das ist die beste Einstimmung auf einen wundersch\u00f6nen und leckeren Urlaub in Marrakesch.\" \/>\n<meta property=\"og:url\" content=\"https:\/\/www.riyadelcadi.com\/de\/kochreisefuehrer-von-patrick-rosenthal\/\" \/>\n<meta property=\"og:site_name\" content=\"Riyad El Cadi\" \/>\n<meta property=\"article:publisher\" content=\"https:\/\/www.facebook.com\/RiyadElCadi\/\" \/>\n<meta property=\"article:published_time\" content=\"2018-09-26T09:27:06+00:00\" \/>\n<meta property=\"article:modified_time\" content=\"2019-06-17T08:13:54+00:00\" \/>\n<meta property=\"og:image\" content=\"https:\/\/www.riyadelcadi.com\/wp-content\/uploads\/2018\/09\/Rosenthal-Marrakesch_Seite_001-325x400.jpg\" \/>\n<meta name=\"author\" content=\"Julia Bartels\" \/>\n<meta name=\"twitter:card\" content=\"summary_large_image\" \/>\n<meta name=\"twitter:label1\" content=\"Verfasst von\" \/>\n\t<meta name=\"twitter:data1\" content=\"Julia Bartels\" \/>\n\t<meta name=\"twitter:label2\" content=\"Gesch\u00e4tzte Lesezeit\" \/>\n\t<meta name=\"twitter:data2\" content=\"1\u00a0Minute\" \/>\n<script type=\"application\/ld+json\" class=\"yoast-schema-graph\">{\"@context\":\"https:\/\/schema.org\",\"@graph\":[{\"@type\":\"WebPage\",\"@id\":\"https:\/\/www.riyadelcadi.com\/de\/kochreisefuehrer-von-patrick-rosenthal\/\",\"url\":\"https:\/\/www.riyadelcadi.com\/de\/kochreisefuehrer-von-patrick-rosenthal\/\",\"name\":\"Kochreisef\u00fchrer von Patrick Rosenthal - Riyad El Cadi\",\"isPartOf\":{\"@id\":\"https:\/\/www.riyadelcadi.com\/de\/#website\"},\"primaryImageOfPage\":{\"@id\":\"https:\/\/www.riyadelcadi.com\/de\/kochreisefuehrer-von-patrick-rosenthal\/#primaryimage\"},\"image\":{\"@id\":\"https:\/\/www.riyadelcadi.com\/de\/kochreisefuehrer-von-patrick-rosenthal\/#primaryimage\"},\"thumbnailUrl\":\"https:\/\/www.riyadelcadi.com\/wp-content\/uploads\/2018\/09\/Rosenthal-Marrakesch_Seite_001-325x400.jpg\",\"datePublished\":\"2018-09-26T09:27:06+00:00\",\"dateModified\":\"2019-06-17T08:13:54+00:00\",\"author\":{\"@id\":\"https:\/\/www.riyadelcadi.com\/de\/#\/schema\/person\/6501a3f629db18435c5292b8ba5e348d\"},\"breadcrumb\":{\"@id\":\"https:\/\/www.riyadelcadi.com\/de\/kochreisefuehrer-von-patrick-rosenthal\/#breadcrumb\"},\"inLanguage\":\"de\",\"potentialAction\":[{\"@type\":\"ReadAction\",\"target\":[\"https:\/\/www.riyadelcadi.com\/de\/kochreisefuehrer-von-patrick-rosenthal\/\"]}]},{\"@type\":\"ImageObject\",\"inLanguage\":\"de\",\"@id\":\"https:\/\/www.riyadelcadi.com\/de\/kochreisefuehrer-von-patrick-rosenthal\/#primaryimage\",\"url\":\"https:\/\/www.riyadelcadi.com\/wp-content\/uploads\/2018\/09\/Rosenthal-Marrakesch_Seite_001-325x400.jpg\",\"contentUrl\":\"https:\/\/www.riyadelcadi.com\/wp-content\/uploads\/2018\/09\/Rosenthal-Marrakesch_Seite_001-325x400.jpg\"},{\"@type\":\"BreadcrumbList\",\"@id\":\"https:\/\/www.riyadelcadi.com\/de\/kochreisefuehrer-von-patrick-rosenthal\/#breadcrumb\",\"itemListElement\":[{\"@type\":\"ListItem\",\"position\":1,\"name\":\"Startseite\",\"item\":\"https:\/\/www.riyadelcadi.com\/de\/\"},{\"@type\":\"ListItem\",\"position\":2,\"name\":\"Kochreisef\u00fchrer von Patrick Rosenthal\"}]},{\"@type\":\"WebSite\",\"@id\":\"https:\/\/www.riyadelcadi.com\/de\/#website\",\"url\":\"https:\/\/www.riyadelcadi.com\/de\/\",\"name\":\"Riyad El Cadi\",\"description\":\"Riad mit Stil in Marrakesch\",\"potentialAction\":[{\"@type\":\"SearchAction\",\"target\":{\"@type\":\"EntryPoint\",\"urlTemplate\":\"https:\/\/www.riyadelcadi.com\/de\/?s={search_term_string}\"},\"query-input\":{\"@type\":\"PropertyValueSpecification\",\"valueRequired\":true,\"valueName\":\"search_term_string\"}}],\"inLanguage\":\"de\"},{\"@type\":\"Person\",\"@id\":\"https:\/\/www.riyadelcadi.com\/de\/#\/schema\/person\/6501a3f629db18435c5292b8ba5e348d\",\"name\":\"Julia Bartels\",\"sameAs\":[\"http:\/\/www.riyadelcadi.com\"],\"url\":\"https:\/\/www.riyadelcadi.com\/de\/author\/jeuc762xhuzc99\/\"}]}<\/script>\n<!-- \/ Yoast SEO plugin. -->","yoast_head_json":{"title":"Kochreisef\u00fchrer von Patrick Rosenthal - Riyad El Cadi","robots":{"index":"index","follow":"follow","max-snippet":"max-snippet:-1","max-image-preview":"max-image-preview:large","max-video-preview":"max-video-preview:-1"},"canonical":"https:\/\/www.riyadelcadi.com\/de\/kochreisefuehrer-von-patrick-rosenthal\/","og_locale":"de_DE","og_type":"article","og_title":"Kochreisef\u00fchrer von Patrick Rosenthal - Riyad El Cadi","og_description":"Superfoodie Patrick Rosenthal liebt Marrakech und gutes Essen und findet: Im Riyad El Cadi gibt es &#8222;tolles Essen&#8220;! Von ihm ist nun ein Koch-Reisef\u00fchrer &#8222;Marrakesch&#8220; im EMF-Verlag ver\u00f6ffentlicht worden mit wundervollen Rezepten, Bildern und Tips. Wir finden, das ist die beste Einstimmung auf einen wundersch\u00f6nen und leckeren Urlaub in Marrakesch.","og_url":"https:\/\/www.riyadelcadi.com\/de\/kochreisefuehrer-von-patrick-rosenthal\/","og_site_name":"Riyad El Cadi","article_publisher":"https:\/\/www.facebook.com\/RiyadElCadi\/","article_published_time":"2018-09-26T09:27:06+00:00","article_modified_time":"2019-06-17T08:13:54+00:00","og_image":[{"url":"https:\/\/www.riyadelcadi.com\/wp-content\/uploads\/2018\/09\/Rosenthal-Marrakesch_Seite_001-325x400.jpg","type":"","width":"","height":""}],"author":"Julia Bartels","twitter_card":"summary_large_image","twitter_misc":{"Verfasst von":"Julia Bartels","Gesch\u00e4tzte Lesezeit":"1\u00a0Minute"},"schema":{"@context":"https:\/\/schema.org","@graph":[{"@type":"WebPage","@id":"https:\/\/www.riyadelcadi.com\/de\/kochreisefuehrer-von-patrick-rosenthal\/","url":"https:\/\/www.riyadelcadi.com\/de\/kochreisefuehrer-von-patrick-rosenthal\/","name":"Kochreisef\u00fchrer von Patrick Rosenthal - Riyad El Cadi","isPartOf":{"@id":"https:\/\/www.riyadelcadi.com\/de\/#website"},"primaryImageOfPage":{"@id":"https:\/\/www.riyadelcadi.com\/de\/kochreisefuehrer-von-patrick-rosenthal\/#primaryimage"},"image":{"@id":"https:\/\/www.riyadelcadi.com\/de\/kochreisefuehrer-von-patrick-rosenthal\/#primaryimage"},"thumbnailUrl":"https:\/\/www.riyadelcadi.com\/wp-content\/uploads\/2018\/09\/Rosenthal-Marrakesch_Seite_001-325x400.jpg","datePublished":"2018-09-26T09:27:06+00:00","dateModified":"2019-06-17T08:13:54+00:00","author":{"@id":"https:\/\/www.riyadelcadi.com\/de\/#\/schema\/person\/6501a3f629db18435c5292b8ba5e348d"},"breadcrumb":{"@id":"https:\/\/www.riyadelcadi.com\/de\/kochreisefuehrer-von-patrick-rosenthal\/#breadcrumb"},"inLanguage":"de","potentialAction":[{"@type":"ReadAction","target":["https:\/\/www.riyadelcadi.com\/de\/kochreisefuehrer-von-patrick-rosenthal\/"]}]},{"@type":"ImageObject","inLanguage":"de","@id":"https:\/\/www.riyadelcadi.com\/de\/kochreisefuehrer-von-patrick-rosenthal\/#primaryimage","url":"https:\/\/www.riyadelcadi.com\/wp-content\/uploads\/2018\/09\/Rosenthal-Marrakesch_Seite_001-325x400.jpg","contentUrl":"https:\/\/www.riyadelcadi.com\/wp-content\/uploads\/2018\/09\/Rosenthal-Marrakesch_Seite_001-325x400.jpg"},{"@type":"BreadcrumbList","@id":"https:\/\/www.riyadelcadi.com\/de\/kochreisefuehrer-von-patrick-rosenthal\/#breadcrumb","itemListElement":[{"@type":"ListItem","position":1,"name":"Startseite","item":"https:\/\/www.riyadelcadi.com\/de\/"},{"@type":"ListItem","position":2,"name":"Kochreisef\u00fchrer von Patrick Rosenthal"}]},{"@type":"WebSite","@id":"https:\/\/www.riyadelcadi.com\/de\/#website","url":"https:\/\/www.riyadelcadi.com\/de\/","name":"Riyad El Cadi","description":"Riad mit Stil in Marrakesch","potentialAction":[{"@type":"SearchAction","target":{"@type":"EntryPoint","urlTemplate":"https:\/\/www.riyadelcadi.com\/de\/?s={search_term_string}"},"query-input":{"@type":"PropertyValueSpecification","valueRequired":true,"valueName":"search_term_string"}}],"inLanguage":"de"},{"@type":"Person","@id":"https:\/\/www.riyadelcadi.com\/de\/#\/schema\/person\/6501a3f629db18435c5292b8ba5e348d","name":"Julia Bartels","sameAs":["http:\/\/www.riyadelcadi.com"],"url":"https:\/\/www.riyadelcadi.com\/de\/author\/jeuc762xhuzc99\/"}]}},"_links":{"self":[{"href":"https:\/\/www.riyadelcadi.com\/de\/wp-json\/wp\/v2\/posts\/22290"}],"collection":[{"href":"https:\/\/www.riyadelcadi.com\/de\/wp-json\/wp\/v2\/posts"}],"about":[{"href":"https:\/\/www.riyadelcadi.com\/de\/wp-json\/wp\/v2\/types\/post"}],"author":[{"embeddable":true,"href":"https:\/\/www.riyadelcadi.com\/de\/wp-json\/wp\/v2\/users\/4"}],"replies":[{"embeddable":true,"href":"https:\/\/www.riyadelcadi.com\/de\/wp-json\/wp\/v2\/comments?post=22290"}],"version-history":[{"count":0,"href":"https:\/\/www.riyadelcadi.com\/de\/wp-json\/wp\/v2\/posts\/22290\/revisions"}],"wp:attachment":[{"href":"https:\/\/www.riyadelcadi.com\/de\/wp-json\/wp\/v2\/media?parent=22290"}],"wp:term":[{"taxonomy":"category","embeddable":true,"href":"https:\/\/www.riyadelcadi.com\/de\/wp-json\/wp\/v2\/categories?post=22290"},{"taxonomy":"post_tag","embeddable":true,"href":"https:\/\/www.riyadelcadi.com\/de\/wp-json\/wp\/v2\/tags?post=22290"}],"curies":[{"name":"wp","href":"https:\/\/api.w.org\/{rel}","templated":true}]}}