{"id":21362,"date":"2018-01-03T17:56:17","date_gmt":"2018-01-03T16:56:17","guid":{"rendered":"http:\/\/www.riyadelcadi.com\/de\/?p=21362"},"modified":"2018-10-17T16:52:24","modified_gmt":"2018-10-17T14:52:24","slug":"workshop-imago-paartherapie","status":"publish","type":"post","link":"https:\/\/www.riyadelcadi.com\/de\/workshop-imago-paartherapie\/","title":{"rendered":"Workshop mit Natalie Viaux &#8211; IMAGO Paartherapie"},"content":{"rendered":"<h1>Wir freuen uns auf unsere Zusammenarbeit mit Natalie Viaux und ihre\u00a0besondere Art der Paartherapie: IMAGO.<\/h1>\n<p><em>Exklusives Retreat vom\u00a0<strong>27. Oktober \u2013 3. November 2018\u00a0<\/strong>inklusive 3 Tage Paar-Intensiv-Coaching<\/em><\/p>\n<p>ICH H\u00d6RE. DU SAGST.<\/p>\n<p>IMAGO ist\u00a0die Kunst der empathischen Beziehungskommunikation. \u00a0<!--more-->Sie ist\u00a0eine eine eklektische Therapieform, die u. a. Ans\u00e4tze der Psychoanalyse nach Freud, der Gestalt Therapie nach Laure und Fritz Perls und des j\u00fcdischen Religionsphilosophen Martin Buber verbindet.<\/p>\n<p>Wenn immer wieder dieselben\u00a0Gespr\u00e4che nach alten Muster nicht zu mehr Verst\u00e4ndnis oder befriedigenden Ergebnissen\u00a0gef\u00fchrt haben\u00a0oder\u00a0stattdessen nur noch weitere Verletzungen verursachen, ist es vielleicht eine gute Idee, sich einer anderen Form der Kommunikation zuzuwenden.<\/p>\n<p>Natalie Viaux zeigt Ihnen mit der IMAGO\u00a0Technik so zu formulieren, dass Sie geh\u00f6rt werden und Ihre Worte nicht verletzen. Durch respektvolles, empathisches Zuh\u00f6ren, gepaart mit Geduld und Perspektivwechsel, entsteht eine vollkommen neue Form des miteinander Redens, werden Verst\u00e4ndnis und Empathie f\u00fcr einander bewusst entwickelt und intensiviert.<\/p>\n<p>(Informationen zu IMAGO)<\/p>\n<div class=\"ghost-button-offers\">\n<h3><strong>Entdecken Sie sich selbst und Ihren Partner neu, und das alles in der Stadt der Geschichtenerz\u00e4hler, denen auch zugeh\u00f6rt werden\u00a0kann:<\/strong><\/h3>\n<h3><strong>BABY DON\u2019T HURT ME \u2013 let\u2019s rock the Casbah!<\/strong><\/h3>\n<p style=\"padding-left: 30px;\">Exklusives <strong>7-Tages Retreat<\/strong>\u00a0mit Natalie Viaux, in <strong>Marrakech<\/strong>, Marokko \u2013<br \/>\nvom <strong>27. Oktober \u2013 3. November 2018<\/strong><br \/>\ninklusive 3 Tage Paar-Intensiv-Coaching<\/p>\n<p>7 \u00dcbernachtungen im RIYAD EL CADI, mit Halbpension, vegetarisch marokkanische K\u00fcche<\/p>\n<h3><strong>WORKSHOP<\/strong><\/h3>\n<p><strong>550\u20ac\u00a0(Early Bird Rate,\u00a0Anmeldung bis 28. Februar, 2018)<br \/>\n<\/strong>650\u20ac\u00a0(regul\u00e4rer Tarif, Anmeldung<strong> ab 01. M\u00e4rz 2018<\/strong>)<br \/>\nPreis pro Person, Coaching Rechnung inkl. 19% MWSt.;\u00a0<strong>Teilnahme begrenzt<\/strong>\u00a0auf maximal 13 Paare.<\/p>\n<p>INFORMATION &amp; ANMELDUNG:\u00a0<a href=\"mailto:talk@imagotherapyberlin.de\">talk@imagotherapyberlin.de<\/a><\/p>\n<p>Veranstaltet wird das Retreat bei uns im\u00a0<strong>RIYAD EL CADI<\/strong>:<\/p>\n<p style=\"padding-left: 30px;\"><strong>DZ, \u20ac1.155 <\/strong><strong>Early Bird Rate bis 28.02.\u00a0<\/strong>\/Anmeldung ab 01.03. \u20ac1.365<br \/>\n<strong>SUPERIOR DZ, \u20ac1.365<\/strong>\u00a0<strong>Early Bird Rate bis 28.02.<\/strong>\u00a0\/Anmeldung ab 01.03. \u20ac1.645<br \/>\n<strong>SUITE, \u20ac1.855<\/strong>\u00a0<strong>Early Bird Rate bis 28.02.<\/strong>\u00a0\/Anmeldung ab 01.03. \u20ac2.135<\/p>\n<p style=\"padding-left: 30px;\"><strong>Die Preise der Zimmer gelten f\u00fcr eine Belegung mit 2 Personen: inklusive 7 Tage HP<\/strong>, beste vegetarische marokkanische K\u00fcche unserer beiden Chefk\u00f6che.<strong>\u00a0<\/strong><\/p>\n<p><strong>Zimmerbuchung bitte di<\/strong><strong>rekt unter:\u00a0<a href=\"mailto:info@riyadelcadi.com\">info@riyadelcadi.com<\/a><\/strong><\/p>\n<p>F\u00fcr alles weitere h\u00f6ren wir Ihnen gerne zu:\u00a0Ob ein\u00a0Kochkurs, eine Tageswanderung im Atlas Gebirge,\u00a0traditionelle Massagen im Hammam, eine Berber Teezeremonie, einen Ausflug zur Safran Farm und einen Besuch des Mus\u00e9e Yves Saint\u00a0Laurent\u00a0\u2013\u00a0wir machen es m\u00f6glich.<\/p>\n<p style=\"padding-left: 30px;\">Selbstorganisierte An- und Abreise<br \/>\nFl\u00fcge mit Eurowings, Lufthansa, KLM und Royal Air Maroc<br \/>\nab Berlin, Frankfurt und M\u00fcnchen<\/p>\n<\/div>\n","protected":false},"excerpt":{"rendered":"<p>Wir freuen uns auf unsere Zusammenarbeit mit Natalie Viaux und ihre\u00a0besondere Art der Paartherapie: IMAGO. Exklusives Retreat vom\u00a027. Oktober \u2013 3. November 2018\u00a0inklusive 3 Tage Paar-Intensiv-Coaching ICH H\u00d6RE. DU SAGST. IMAGO ist\u00a0die Kunst der empathischen Beziehungskommunikation. \u00a0<\/p>\n","protected":false},"author":4,"featured_media":14618,"comment_status":"closed","ping_status":"open","sticky":false,"template":"","format":"standard","meta":{"footnotes":""},"categories":[1,3],"tags":[],"yoast_head":"<!-- This site is optimized with the Yoast SEO plugin v24.5 - https:\/\/yoast.com\/wordpress\/plugins\/seo\/ -->\n<title>Workshop mit Natalie Viaux - IMAGO Paartherapie - Riyad El Cadi<\/title>\n<meta name=\"robots\" content=\"index, follow, max-snippet:-1, max-image-preview:large, max-video-preview:-1\" \/>\n<link rel=\"canonical\" href=\"https:\/\/www.riyadelcadi.com\/de\/workshop-imago-paartherapie\/\" \/>\n<meta property=\"og:locale\" content=\"de_DE\" \/>\n<meta property=\"og:type\" content=\"article\" \/>\n<meta property=\"og:title\" content=\"Workshop mit Natalie Viaux - IMAGO Paartherapie - Riyad El Cadi\" \/>\n<meta property=\"og:description\" content=\"Wir freuen uns auf unsere Zusammenarbeit mit Natalie Viaux und ihre\u00a0besondere Art der Paartherapie: IMAGO. Exklusives Retreat vom\u00a027. Oktober \u2013 3. November 2018\u00a0inklusive 3 Tage Paar-Intensiv-Coaching ICH H\u00d6RE. DU SAGST. IMAGO ist\u00a0die Kunst der empathischen Beziehungskommunikation. \u00a0\" \/>\n<meta property=\"og:url\" content=\"https:\/\/www.riyadelcadi.com\/de\/workshop-imago-paartherapie\/\" \/>\n<meta property=\"og:site_name\" content=\"Riyad El Cadi\" \/>\n<meta property=\"article:publisher\" content=\"https:\/\/www.facebook.com\/RiyadElCadi\/\" \/>\n<meta property=\"article:published_time\" content=\"2018-01-03T16:56:17+00:00\" \/>\n<meta property=\"article:modified_time\" content=\"2018-10-17T14:52:24+00:00\" \/>\n<meta property=\"og:image\" content=\"https:\/\/www.riyadelcadi.com\/wp-content\/uploads\/2011\/08\/Evening-dinner-on-patio-400x40014.jpg\" \/>\n\t<meta property=\"og:image:width\" content=\"400\" \/>\n\t<meta property=\"og:image:height\" content=\"400\" \/>\n\t<meta property=\"og:image:type\" content=\"image\/jpeg\" \/>\n<meta name=\"author\" content=\"Julia Bartels\" \/>\n<meta name=\"twitter:card\" content=\"summary_large_image\" \/>\n<meta name=\"twitter:label1\" content=\"Verfasst von\" \/>\n\t<meta name=\"twitter:data1\" content=\"Julia Bartels\" \/>\n\t<meta name=\"twitter:label2\" content=\"Gesch\u00e4tzte Lesezeit\" \/>\n\t<meta name=\"twitter:data2\" content=\"2\u00a0Minuten\" \/>\n<script type=\"application\/ld+json\" class=\"yoast-schema-graph\">{\"@context\":\"https:\/\/schema.org\",\"@graph\":[{\"@type\":\"WebPage\",\"@id\":\"https:\/\/www.riyadelcadi.com\/de\/workshop-imago-paartherapie\/\",\"url\":\"https:\/\/www.riyadelcadi.com\/de\/workshop-imago-paartherapie\/\",\"name\":\"Workshop mit Natalie Viaux - IMAGO Paartherapie - Riyad El Cadi\",\"isPartOf\":{\"@id\":\"https:\/\/www.riyadelcadi.com\/de\/#website\"},\"primaryImageOfPage\":{\"@id\":\"https:\/\/www.riyadelcadi.com\/de\/workshop-imago-paartherapie\/#primaryimage\"},\"image\":{\"@id\":\"https:\/\/www.riyadelcadi.com\/de\/workshop-imago-paartherapie\/#primaryimage\"},\"thumbnailUrl\":\"https:\/\/www.riyadelcadi.com\/wp-content\/uploads\/2011\/08\/Evening-dinner-on-patio-400x40014.jpg\",\"datePublished\":\"2018-01-03T16:56:17+00:00\",\"dateModified\":\"2018-10-17T14:52:24+00:00\",\"author\":{\"@id\":\"https:\/\/www.riyadelcadi.com\/de\/#\/schema\/person\/6501a3f629db18435c5292b8ba5e348d\"},\"breadcrumb\":{\"@id\":\"https:\/\/www.riyadelcadi.com\/de\/workshop-imago-paartherapie\/#breadcrumb\"},\"inLanguage\":\"de\",\"potentialAction\":[{\"@type\":\"ReadAction\",\"target\":[\"https:\/\/www.riyadelcadi.com\/de\/workshop-imago-paartherapie\/\"]}]},{\"@type\":\"ImageObject\",\"inLanguage\":\"de\",\"@id\":\"https:\/\/www.riyadelcadi.com\/de\/workshop-imago-paartherapie\/#primaryimage\",\"url\":\"https:\/\/www.riyadelcadi.com\/wp-content\/uploads\/2011\/08\/Evening-dinner-on-patio-400x40014.jpg\",\"contentUrl\":\"https:\/\/www.riyadelcadi.com\/wp-content\/uploads\/2011\/08\/Evening-dinner-on-patio-400x40014.jpg\",\"width\":400,\"height\":400},{\"@type\":\"BreadcrumbList\",\"@id\":\"https:\/\/www.riyadelcadi.com\/de\/workshop-imago-paartherapie\/#breadcrumb\",\"itemListElement\":[{\"@type\":\"ListItem\",\"position\":1,\"name\":\"Startseite\",\"item\":\"https:\/\/www.riyadelcadi.com\/de\/\"},{\"@type\":\"ListItem\",\"position\":2,\"name\":\"Workshop mit Natalie Viaux &#8211; IMAGO Paartherapie\"}]},{\"@type\":\"WebSite\",\"@id\":\"https:\/\/www.riyadelcadi.com\/de\/#website\",\"url\":\"https:\/\/www.riyadelcadi.com\/de\/\",\"name\":\"Riyad El Cadi\",\"description\":\"Riad mit Stil in Marrakesch\",\"potentialAction\":[{\"@type\":\"SearchAction\",\"target\":{\"@type\":\"EntryPoint\",\"urlTemplate\":\"https:\/\/www.riyadelcadi.com\/de\/?s={search_term_string}\"},\"query-input\":{\"@type\":\"PropertyValueSpecification\",\"valueRequired\":true,\"valueName\":\"search_term_string\"}}],\"inLanguage\":\"de\"},{\"@type\":\"Person\",\"@id\":\"https:\/\/www.riyadelcadi.com\/de\/#\/schema\/person\/6501a3f629db18435c5292b8ba5e348d\",\"name\":\"Julia Bartels\",\"sameAs\":[\"http:\/\/www.riyadelcadi.com\"],\"url\":\"https:\/\/www.riyadelcadi.com\/de\/author\/jeuc762xhuzc99\/\"}]}<\/script>\n<!-- \/ Yoast SEO plugin. -->","yoast_head_json":{"title":"Workshop mit Natalie Viaux - IMAGO Paartherapie - Riyad El Cadi","robots":{"index":"index","follow":"follow","max-snippet":"max-snippet:-1","max-image-preview":"max-image-preview:large","max-video-preview":"max-video-preview:-1"},"canonical":"https:\/\/www.riyadelcadi.com\/de\/workshop-imago-paartherapie\/","og_locale":"de_DE","og_type":"article","og_title":"Workshop mit Natalie Viaux - IMAGO Paartherapie - Riyad El Cadi","og_description":"Wir freuen uns auf unsere Zusammenarbeit mit Natalie Viaux und ihre\u00a0besondere Art der Paartherapie: IMAGO. Exklusives Retreat vom\u00a027. Oktober \u2013 3. November 2018\u00a0inklusive 3 Tage Paar-Intensiv-Coaching ICH H\u00d6RE. DU SAGST. IMAGO ist\u00a0die Kunst der empathischen Beziehungskommunikation. \u00a0","og_url":"https:\/\/www.riyadelcadi.com\/de\/workshop-imago-paartherapie\/","og_site_name":"Riyad El Cadi","article_publisher":"https:\/\/www.facebook.com\/RiyadElCadi\/","article_published_time":"2018-01-03T16:56:17+00:00","article_modified_time":"2018-10-17T14:52:24+00:00","og_image":[{"width":400,"height":400,"url":"https:\/\/www.riyadelcadi.com\/wp-content\/uploads\/2011\/08\/Evening-dinner-on-patio-400x40014.jpg","type":"image\/jpeg"}],"author":"Julia Bartels","twitter_card":"summary_large_image","twitter_misc":{"Verfasst von":"Julia Bartels","Gesch\u00e4tzte Lesezeit":"2\u00a0Minuten"},"schema":{"@context":"https:\/\/schema.org","@graph":[{"@type":"WebPage","@id":"https:\/\/www.riyadelcadi.com\/de\/workshop-imago-paartherapie\/","url":"https:\/\/www.riyadelcadi.com\/de\/workshop-imago-paartherapie\/","name":"Workshop mit Natalie Viaux - IMAGO Paartherapie - Riyad El Cadi","isPartOf":{"@id":"https:\/\/www.riyadelcadi.com\/de\/#website"},"primaryImageOfPage":{"@id":"https:\/\/www.riyadelcadi.com\/de\/workshop-imago-paartherapie\/#primaryimage"},"image":{"@id":"https:\/\/www.riyadelcadi.com\/de\/workshop-imago-paartherapie\/#primaryimage"},"thumbnailUrl":"https:\/\/www.riyadelcadi.com\/wp-content\/uploads\/2011\/08\/Evening-dinner-on-patio-400x40014.jpg","datePublished":"2018-01-03T16:56:17+00:00","dateModified":"2018-10-17T14:52:24+00:00","author":{"@id":"https:\/\/www.riyadelcadi.com\/de\/#\/schema\/person\/6501a3f629db18435c5292b8ba5e348d"},"breadcrumb":{"@id":"https:\/\/www.riyadelcadi.com\/de\/workshop-imago-paartherapie\/#breadcrumb"},"inLanguage":"de","potentialAction":[{"@type":"ReadAction","target":["https:\/\/www.riyadelcadi.com\/de\/workshop-imago-paartherapie\/"]}]},{"@type":"ImageObject","inLanguage":"de","@id":"https:\/\/www.riyadelcadi.com\/de\/workshop-imago-paartherapie\/#primaryimage","url":"https:\/\/www.riyadelcadi.com\/wp-content\/uploads\/2011\/08\/Evening-dinner-on-patio-400x40014.jpg","contentUrl":"https:\/\/www.riyadelcadi.com\/wp-content\/uploads\/2011\/08\/Evening-dinner-on-patio-400x40014.jpg","width":400,"height":400},{"@type":"BreadcrumbList","@id":"https:\/\/www.riyadelcadi.com\/de\/workshop-imago-paartherapie\/#breadcrumb","itemListElement":[{"@type":"ListItem","position":1,"name":"Startseite","item":"https:\/\/www.riyadelcadi.com\/de\/"},{"@type":"ListItem","position":2,"name":"Workshop mit Natalie Viaux &#8211; IMAGO Paartherapie"}]},{"@type":"WebSite","@id":"https:\/\/www.riyadelcadi.com\/de\/#website","url":"https:\/\/www.riyadelcadi.com\/de\/","name":"Riyad El Cadi","description":"Riad mit Stil in Marrakesch","potentialAction":[{"@type":"SearchAction","target":{"@type":"EntryPoint","urlTemplate":"https:\/\/www.riyadelcadi.com\/de\/?s={search_term_string}"},"query-input":{"@type":"PropertyValueSpecification","valueRequired":true,"valueName":"search_term_string"}}],"inLanguage":"de"},{"@type":"Person","@id":"https:\/\/www.riyadelcadi.com\/de\/#\/schema\/person\/6501a3f629db18435c5292b8ba5e348d","name":"Julia Bartels","sameAs":["http:\/\/www.riyadelcadi.com"],"url":"https:\/\/www.riyadelcadi.com\/de\/author\/jeuc762xhuzc99\/"}]}},"_links":{"self":[{"href":"https:\/\/www.riyadelcadi.com\/de\/wp-json\/wp\/v2\/posts\/21362"}],"collection":[{"href":"https:\/\/www.riyadelcadi.com\/de\/wp-json\/wp\/v2\/posts"}],"about":[{"href":"https:\/\/www.riyadelcadi.com\/de\/wp-json\/wp\/v2\/types\/post"}],"author":[{"embeddable":true,"href":"https:\/\/www.riyadelcadi.com\/de\/wp-json\/wp\/v2\/users\/4"}],"replies":[{"embeddable":true,"href":"https:\/\/www.riyadelcadi.com\/de\/wp-json\/wp\/v2\/comments?post=21362"}],"version-history":[{"count":0,"href":"https:\/\/www.riyadelcadi.com\/de\/wp-json\/wp\/v2\/posts\/21362\/revisions"}],"wp:featuredmedia":[{"embeddable":true,"href":"https:\/\/www.riyadelcadi.com\/de\/wp-json\/wp\/v2\/media\/14618"}],"wp:attachment":[{"href":"https:\/\/www.riyadelcadi.com\/de\/wp-json\/wp\/v2\/media?parent=21362"}],"wp:term":[{"taxonomy":"category","embeddable":true,"href":"https:\/\/www.riyadelcadi.com\/de\/wp-json\/wp\/v2\/categories?post=21362"},{"taxonomy":"post_tag","embeddable":true,"href":"https:\/\/www.riyadelcadi.com\/de\/wp-json\/wp\/v2\/tags?post=21362"}],"curies":[{"name":"wp","href":"https:\/\/api.w.org\/{rel}","templated":true}]}}