{"id":21151,"date":"2015-03-27T18:59:34","date_gmt":"2015-03-27T17:59:34","guid":{"rendered":"http:\/\/www.riyadelcadi.com\/de\/?p=21151"},"modified":"2017-10-27T19:03:12","modified_gmt":"2017-10-27T17:03:12","slug":"riyad-el-cadi-in-der-presse-wohnentraeume","status":"publish","type":"post","link":"https:\/\/www.riyadelcadi.com\/de\/riyad-el-cadi-in-der-presse-wohnentraeume\/","title":{"rendered":"Riyad El Cadi in der Presse: WohnenTr\u00e4ume"},"content":{"rendered":"<p><a class=\"ghost-button-offers\" href=\"https:\/\/www.riyadelcadi.com\/wp-content\/uploads\/2017\/04\/2015-02-WohnenTraeume-kl.pdf\" target=\"_blank\" rel=\"noopener noreferrer\"><img decoding=\"async\" class=\"alignleft wp-image-10132\" src=\"https:\/\/www.riyadelcadi.com\/wp-content\/uploads\/2011\/07\/2015-02-WohnenTraeume-316x400.jpg\" alt=\"2015-02-WohnenTraeume\" width=\"237\" height=\"300\" srcset=\"https:\/\/www.riyadelcadi.com\/wp-content\/uploads\/2011\/07\/2015-02-WohnenTraeume-316x400.jpg 316w, https:\/\/www.riyadelcadi.com\/wp-content\/uploads\/2011\/07\/2015-02-WohnenTraeume-809x1024.jpg 809w, https:\/\/www.riyadelcadi.com\/wp-content\/uploads\/2011\/07\/2015-02-WohnenTraeume-940x1191.jpg 940w, https:\/\/www.riyadelcadi.com\/wp-content\/uploads\/2011\/07\/2015-02-WohnenTraeume.jpg 1617w\" sizes=\"(max-width: 237px) 100vw, 237px\" \/>&#8222;Mitten in der Medina der marokkanischen K\u00f6nigstadt befindet sich ein kleines, feines Hotel &#8230; Gef\u00fchrt wird\u00a0es mit Herz und Stil&#8220;<br \/>\n<strong>WohnenTr\u00e4ume, 02\/2015, S. 102-107<\/strong><\/a><\/p>\n","protected":false},"excerpt":{"rendered":"<p>&#8222;Mitten in der Medina der marokkanischen K\u00f6nigstadt befindet sich ein kleines, feines Hotel &#8230; Gef\u00fchrt wird\u00a0es mit Herz und Stil&#8220; WohnenTr\u00e4ume, 02\/2015, S. 102-107<\/p>\n","protected":false},"author":4,"featured_media":0,"comment_status":"closed","ping_status":"open","sticky":false,"template":"","format":"standard","meta":{"footnotes":""},"categories":[95,96,3],"tags":[],"yoast_head":"<!-- This site is optimized with the Yoast SEO plugin v24.5 - https:\/\/yoast.com\/wordpress\/plugins\/seo\/ -->\n<title>Riyad El Cadi in der Presse: WohnenTr\u00e4ume - Riyad El Cadi<\/title>\n<meta name=\"robots\" content=\"index, follow, max-snippet:-1, max-image-preview:large, max-video-preview:-1\" \/>\n<link rel=\"canonical\" href=\"https:\/\/www.riyadelcadi.com\/de\/riyad-el-cadi-in-der-presse-wohnentraeume\/\" \/>\n<meta property=\"og:locale\" content=\"de_DE\" \/>\n<meta property=\"og:type\" content=\"article\" \/>\n<meta property=\"og:title\" content=\"Riyad El Cadi in der Presse: WohnenTr\u00e4ume - Riyad El Cadi\" \/>\n<meta property=\"og:description\" content=\"&#8222;Mitten in der Medina der marokkanischen K\u00f6nigstadt befindet sich ein kleines, feines Hotel &#8230; Gef\u00fchrt wird\u00a0es mit Herz und Stil&#8220; WohnenTr\u00e4ume, 02\/2015, S. 102-107\" \/>\n<meta property=\"og:url\" content=\"https:\/\/www.riyadelcadi.com\/de\/riyad-el-cadi-in-der-presse-wohnentraeume\/\" \/>\n<meta property=\"og:site_name\" content=\"Riyad El Cadi\" \/>\n<meta property=\"article:publisher\" content=\"https:\/\/www.facebook.com\/RiyadElCadi\/\" \/>\n<meta property=\"article:published_time\" content=\"2015-03-27T17:59:34+00:00\" \/>\n<meta property=\"article:modified_time\" content=\"2017-10-27T17:03:12+00:00\" \/>\n<meta property=\"og:image\" content=\"https:\/\/www.riyadelcadi.com\/wp-content\/uploads\/2011\/07\/2015-02-WohnenTraeume-316x400.jpg\" \/>\n<meta name=\"author\" content=\"Julia Bartels\" \/>\n<meta name=\"twitter:card\" content=\"summary_large_image\" \/>\n<meta name=\"twitter:label1\" content=\"Verfasst von\" \/>\n\t<meta name=\"twitter:data1\" content=\"Julia Bartels\" \/>\n<script type=\"application\/ld+json\" class=\"yoast-schema-graph\">{\"@context\":\"https:\/\/schema.org\",\"@graph\":[{\"@type\":\"WebPage\",\"@id\":\"https:\/\/www.riyadelcadi.com\/de\/riyad-el-cadi-in-der-presse-wohnentraeume\/\",\"url\":\"https:\/\/www.riyadelcadi.com\/de\/riyad-el-cadi-in-der-presse-wohnentraeume\/\",\"name\":\"Riyad El Cadi in der Presse: WohnenTr\u00e4ume - Riyad El Cadi\",\"isPartOf\":{\"@id\":\"https:\/\/www.riyadelcadi.com\/de\/#website\"},\"primaryImageOfPage\":{\"@id\":\"https:\/\/www.riyadelcadi.com\/de\/riyad-el-cadi-in-der-presse-wohnentraeume\/#primaryimage\"},\"image\":{\"@id\":\"https:\/\/www.riyadelcadi.com\/de\/riyad-el-cadi-in-der-presse-wohnentraeume\/#primaryimage\"},\"thumbnailUrl\":\"https:\/\/www.riyadelcadi.com\/wp-content\/uploads\/2011\/07\/2015-02-WohnenTraeume-316x400.jpg\",\"datePublished\":\"2015-03-27T17:59:34+00:00\",\"dateModified\":\"2017-10-27T17:03:12+00:00\",\"author\":{\"@id\":\"https:\/\/www.riyadelcadi.com\/de\/#\/schema\/person\/6501a3f629db18435c5292b8ba5e348d\"},\"breadcrumb\":{\"@id\":\"https:\/\/www.riyadelcadi.com\/de\/riyad-el-cadi-in-der-presse-wohnentraeume\/#breadcrumb\"},\"inLanguage\":\"de\",\"potentialAction\":[{\"@type\":\"ReadAction\",\"target\":[\"https:\/\/www.riyadelcadi.com\/de\/riyad-el-cadi-in-der-presse-wohnentraeume\/\"]}]},{\"@type\":\"ImageObject\",\"inLanguage\":\"de\",\"@id\":\"https:\/\/www.riyadelcadi.com\/de\/riyad-el-cadi-in-der-presse-wohnentraeume\/#primaryimage\",\"url\":\"https:\/\/www.riyadelcadi.com\/wp-content\/uploads\/2011\/07\/2015-02-WohnenTraeume-316x400.jpg\",\"contentUrl\":\"https:\/\/www.riyadelcadi.com\/wp-content\/uploads\/2011\/07\/2015-02-WohnenTraeume-316x400.jpg\"},{\"@type\":\"BreadcrumbList\",\"@id\":\"https:\/\/www.riyadelcadi.com\/de\/riyad-el-cadi-in-der-presse-wohnentraeume\/#breadcrumb\",\"itemListElement\":[{\"@type\":\"ListItem\",\"position\":1,\"name\":\"Startseite\",\"item\":\"https:\/\/www.riyadelcadi.com\/de\/\"},{\"@type\":\"ListItem\",\"position\":2,\"name\":\"Riyad El Cadi in der Presse: WohnenTr\u00e4ume\"}]},{\"@type\":\"WebSite\",\"@id\":\"https:\/\/www.riyadelcadi.com\/de\/#website\",\"url\":\"https:\/\/www.riyadelcadi.com\/de\/\",\"name\":\"Riyad El Cadi\",\"description\":\"Riad mit Stil in Marrakesch\",\"potentialAction\":[{\"@type\":\"SearchAction\",\"target\":{\"@type\":\"EntryPoint\",\"urlTemplate\":\"https:\/\/www.riyadelcadi.com\/de\/?s={search_term_string}\"},\"query-input\":{\"@type\":\"PropertyValueSpecification\",\"valueRequired\":true,\"valueName\":\"search_term_string\"}}],\"inLanguage\":\"de\"},{\"@type\":\"Person\",\"@id\":\"https:\/\/www.riyadelcadi.com\/de\/#\/schema\/person\/6501a3f629db18435c5292b8ba5e348d\",\"name\":\"Julia Bartels\",\"sameAs\":[\"http:\/\/www.riyadelcadi.com\"],\"url\":\"https:\/\/www.riyadelcadi.com\/de\/author\/jeuc762xhuzc99\/\"}]}<\/script>\n<!-- \/ Yoast SEO plugin. -->","yoast_head_json":{"title":"Riyad El Cadi in der Presse: WohnenTr\u00e4ume - Riyad El Cadi","robots":{"index":"index","follow":"follow","max-snippet":"max-snippet:-1","max-image-preview":"max-image-preview:large","max-video-preview":"max-video-preview:-1"},"canonical":"https:\/\/www.riyadelcadi.com\/de\/riyad-el-cadi-in-der-presse-wohnentraeume\/","og_locale":"de_DE","og_type":"article","og_title":"Riyad El Cadi in der Presse: WohnenTr\u00e4ume - Riyad El Cadi","og_description":"&#8222;Mitten in der Medina der marokkanischen K\u00f6nigstadt befindet sich ein kleines, feines Hotel &#8230; Gef\u00fchrt wird\u00a0es mit Herz und Stil&#8220; WohnenTr\u00e4ume, 02\/2015, S. 102-107","og_url":"https:\/\/www.riyadelcadi.com\/de\/riyad-el-cadi-in-der-presse-wohnentraeume\/","og_site_name":"Riyad El Cadi","article_publisher":"https:\/\/www.facebook.com\/RiyadElCadi\/","article_published_time":"2015-03-27T17:59:34+00:00","article_modified_time":"2017-10-27T17:03:12+00:00","og_image":[{"url":"https:\/\/www.riyadelcadi.com\/wp-content\/uploads\/2011\/07\/2015-02-WohnenTraeume-316x400.jpg","type":"","width":"","height":""}],"author":"Julia Bartels","twitter_card":"summary_large_image","twitter_misc":{"Verfasst von":"Julia Bartels"},"schema":{"@context":"https:\/\/schema.org","@graph":[{"@type":"WebPage","@id":"https:\/\/www.riyadelcadi.com\/de\/riyad-el-cadi-in-der-presse-wohnentraeume\/","url":"https:\/\/www.riyadelcadi.com\/de\/riyad-el-cadi-in-der-presse-wohnentraeume\/","name":"Riyad El Cadi in der Presse: WohnenTr\u00e4ume - Riyad El Cadi","isPartOf":{"@id":"https:\/\/www.riyadelcadi.com\/de\/#website"},"primaryImageOfPage":{"@id":"https:\/\/www.riyadelcadi.com\/de\/riyad-el-cadi-in-der-presse-wohnentraeume\/#primaryimage"},"image":{"@id":"https:\/\/www.riyadelcadi.com\/de\/riyad-el-cadi-in-der-presse-wohnentraeume\/#primaryimage"},"thumbnailUrl":"https:\/\/www.riyadelcadi.com\/wp-content\/uploads\/2011\/07\/2015-02-WohnenTraeume-316x400.jpg","datePublished":"2015-03-27T17:59:34+00:00","dateModified":"2017-10-27T17:03:12+00:00","author":{"@id":"https:\/\/www.riyadelcadi.com\/de\/#\/schema\/person\/6501a3f629db18435c5292b8ba5e348d"},"breadcrumb":{"@id":"https:\/\/www.riyadelcadi.com\/de\/riyad-el-cadi-in-der-presse-wohnentraeume\/#breadcrumb"},"inLanguage":"de","potentialAction":[{"@type":"ReadAction","target":["https:\/\/www.riyadelcadi.com\/de\/riyad-el-cadi-in-der-presse-wohnentraeume\/"]}]},{"@type":"ImageObject","inLanguage":"de","@id":"https:\/\/www.riyadelcadi.com\/de\/riyad-el-cadi-in-der-presse-wohnentraeume\/#primaryimage","url":"https:\/\/www.riyadelcadi.com\/wp-content\/uploads\/2011\/07\/2015-02-WohnenTraeume-316x400.jpg","contentUrl":"https:\/\/www.riyadelcadi.com\/wp-content\/uploads\/2011\/07\/2015-02-WohnenTraeume-316x400.jpg"},{"@type":"BreadcrumbList","@id":"https:\/\/www.riyadelcadi.com\/de\/riyad-el-cadi-in-der-presse-wohnentraeume\/#breadcrumb","itemListElement":[{"@type":"ListItem","position":1,"name":"Startseite","item":"https:\/\/www.riyadelcadi.com\/de\/"},{"@type":"ListItem","position":2,"name":"Riyad El Cadi in der Presse: WohnenTr\u00e4ume"}]},{"@type":"WebSite","@id":"https:\/\/www.riyadelcadi.com\/de\/#website","url":"https:\/\/www.riyadelcadi.com\/de\/","name":"Riyad El Cadi","description":"Riad mit Stil in Marrakesch","potentialAction":[{"@type":"SearchAction","target":{"@type":"EntryPoint","urlTemplate":"https:\/\/www.riyadelcadi.com\/de\/?s={search_term_string}"},"query-input":{"@type":"PropertyValueSpecification","valueRequired":true,"valueName":"search_term_string"}}],"inLanguage":"de"},{"@type":"Person","@id":"https:\/\/www.riyadelcadi.com\/de\/#\/schema\/person\/6501a3f629db18435c5292b8ba5e348d","name":"Julia Bartels","sameAs":["http:\/\/www.riyadelcadi.com"],"url":"https:\/\/www.riyadelcadi.com\/de\/author\/jeuc762xhuzc99\/"}]}},"_links":{"self":[{"href":"https:\/\/www.riyadelcadi.com\/de\/wp-json\/wp\/v2\/posts\/21151"}],"collection":[{"href":"https:\/\/www.riyadelcadi.com\/de\/wp-json\/wp\/v2\/posts"}],"about":[{"href":"https:\/\/www.riyadelcadi.com\/de\/wp-json\/wp\/v2\/types\/post"}],"author":[{"embeddable":true,"href":"https:\/\/www.riyadelcadi.com\/de\/wp-json\/wp\/v2\/users\/4"}],"replies":[{"embeddable":true,"href":"https:\/\/www.riyadelcadi.com\/de\/wp-json\/wp\/v2\/comments?post=21151"}],"version-history":[{"count":0,"href":"https:\/\/www.riyadelcadi.com\/de\/wp-json\/wp\/v2\/posts\/21151\/revisions"}],"wp:attachment":[{"href":"https:\/\/www.riyadelcadi.com\/de\/wp-json\/wp\/v2\/media?parent=21151"}],"wp:term":[{"taxonomy":"category","embeddable":true,"href":"https:\/\/www.riyadelcadi.com\/de\/wp-json\/wp\/v2\/categories?post=21151"},{"taxonomy":"post_tag","embeddable":true,"href":"https:\/\/www.riyadelcadi.com\/de\/wp-json\/wp\/v2\/tags?post=21151"}],"curies":[{"name":"wp","href":"https:\/\/api.w.org\/{rel}","templated":true}]}}