{"id":21124,"date":"2016-05-04T17:51:30","date_gmt":"2016-05-04T15:51:30","guid":{"rendered":"http:\/\/www.riyadelcadi.com\/de\/?p=21124"},"modified":"2018-02-06T17:43:48","modified_gmt":"2018-02-06T16:43:48","slug":"die-presse-im-fruehling-ueber-riyad-el-cadi","status":"publish","type":"post","link":"https:\/\/www.riyadelcadi.com\/de\/die-presse-im-fruehling-ueber-riyad-el-cadi\/","title":{"rendered":"Die Presse im Fr\u00fchling \u00fcber Riyad El Cadi"},"content":{"rendered":"<p>Pressever\u00f6ffentlichungen aus dem Fr\u00fchling: Madame, ACHTZIG, Feinschmecker<\/p>\n<p><a class=\"ghost-button-offers\" href=\"https:\/\/www.riyadelcadi.com\/wp-content\/uploads\/2016\/01\/2016-04-Madame.pdf\" target=\"_blank\" rel=\"noopener noreferrer\"><img decoding=\"async\" class=\"alignleft wp-image-19520\" src=\"https:\/\/www.riyadelcadi.com\/wp-content\/uploads\/2016\/01\/2016-03-Madame-312x400.jpg\" alt=\"2016-03-Madame\" width=\"234\" height=\"300\" srcset=\"https:\/\/www.riyadelcadi.com\/wp-content\/uploads\/2016\/01\/2016-03-Madame-312x400.jpg 312w, https:\/\/www.riyadelcadi.com\/wp-content\/uploads\/2016\/01\/2016-03-Madame.jpg 374w\" sizes=\"(max-width: 234px) 100vw, 234px\" \/>&#8222;In einem der beschaulichen Patios wird \u2013 nicht nur f\u00fcr Hotelg\u00e4ste \u2013 allerbeste marokkanische K\u00fcche serviert.&#8220;<br \/>\n<strong>Madame Deutschland, April 2016, S. 168-169<\/strong><\/a><!--more--><\/p>\n<p><a class=\"ghost-button-offers\" href=\"https:\/\/www.riyadelcadi.com\/wp-content\/uploads\/2016\/01\/2016-03-Achtzig.pdf\" target=\"_blank\" rel=\"noopener noreferrer\"><img decoding=\"async\" class=\"size-thumbnail wp-image-19508 alignleft\" src=\"https:\/\/www.riyadelcadi.com\/wp-content\/uploads\/2016\/01\/2016-03_04-ACHTZIG-200x200.jpg\" alt=\"2016-03_04-ACHTZIG\" width=\"200\" height=\"200\" \/>&#8222;In Vollkommenheit zubereitet findet sich diese K\u00f6stlichkeit im Restaurant des <em>Riyad El Cadi &#8230;\u00a0<\/em>unwiderstehlich knusprig, aber dennoch saftig&#8230;&#8220;<br \/>\n<strong>ACHTZIG, 03-04\/2016, S. 20<br \/>\n<\/strong>&#8222;Das &#8230; 450 Jahre alte Geb\u00e4ude gleicht einer Oase der Ruhe und verspr\u00fcht den Geist einer l\u00e4ngst vergangenen Zeit.&#8220;<br \/>\n<strong>ACHTZIG, 03-04\/2016, S. 22<\/strong><\/a><\/p>\n<p><a class=\"ghost-button-offers\" href=\"https:\/\/www.riyadelcadi.com\/wp-content\/uploads\/2016\/01\/2016-02-Feinschmecker-Riyad.pdf\" target=\"_blank\" rel=\"noopener noreferrer\"><img decoding=\"async\" class=\"alignleft wp-image-19505\" src=\"https:\/\/www.riyadelcadi.com\/wp-content\/uploads\/2016\/01\/2016-02-Feinschmecker-Kopie-301x400.jpg\" alt=\"2016-02-Feinschmecker Kopie\" width=\"226\" height=\"300\" srcset=\"https:\/\/www.riyadelcadi.com\/wp-content\/uploads\/2016\/01\/2016-02-Feinschmecker-Kopie-301x400.jpg 301w, https:\/\/www.riyadelcadi.com\/wp-content\/uploads\/2016\/01\/2016-02-Feinschmecker-Kopie.jpg 512w\" sizes=\"(max-width: 226px) 100vw, 226px\" \/>&#8222;Empfehlung: das herzlich gef\u00fchrte, authentisch-reduziert gestaltete &#8222;Riyad El Cadi&#8220;. &#8220;<br \/>\n<strong>Feinschmecker, 02\/2016, S. 22-35<\/strong><\/a><\/p>\n<hr \/>\n","protected":false},"excerpt":{"rendered":"<p>Pressever\u00f6ffentlichungen aus dem Fr\u00fchling: Madame, ACHTZIG, Feinschmecker &#8222;In einem der beschaulichen Patios wird \u2013 nicht nur f\u00fcr Hotelg\u00e4ste \u2013 allerbeste marokkanische K\u00fcche serviert.&#8220; Madame Deutschland, April 2016, S. 168-169<\/p>\n","protected":false},"author":4,"featured_media":0,"comment_status":"closed","ping_status":"open","sticky":false,"template":"","format":"standard","meta":{"footnotes":""},"categories":[95,96,3],"tags":[],"yoast_head":"<!-- This site is optimized with the Yoast SEO plugin v24.5 - https:\/\/yoast.com\/wordpress\/plugins\/seo\/ -->\n<title>Die Presse im Fr\u00fchling \u00fcber Riyad El Cadi - Riyad El Cadi<\/title>\n<meta name=\"robots\" content=\"index, follow, max-snippet:-1, max-image-preview:large, max-video-preview:-1\" \/>\n<link rel=\"canonical\" href=\"https:\/\/www.riyadelcadi.com\/de\/die-presse-im-fruehling-ueber-riyad-el-cadi\/\" \/>\n<meta property=\"og:locale\" content=\"de_DE\" \/>\n<meta property=\"og:type\" content=\"article\" \/>\n<meta property=\"og:title\" content=\"Die Presse im Fr\u00fchling \u00fcber Riyad El Cadi - Riyad El Cadi\" \/>\n<meta property=\"og:description\" content=\"Pressever\u00f6ffentlichungen aus dem Fr\u00fchling: Madame, ACHTZIG, Feinschmecker &#8222;In einem der beschaulichen Patios wird \u2013 nicht nur f\u00fcr Hotelg\u00e4ste \u2013 allerbeste marokkanische K\u00fcche serviert.&#8220; Madame Deutschland, April 2016, S. 168-169\" \/>\n<meta property=\"og:url\" content=\"https:\/\/www.riyadelcadi.com\/de\/die-presse-im-fruehling-ueber-riyad-el-cadi\/\" \/>\n<meta property=\"og:site_name\" content=\"Riyad El Cadi\" \/>\n<meta property=\"article:publisher\" content=\"https:\/\/www.facebook.com\/RiyadElCadi\/\" \/>\n<meta property=\"article:published_time\" content=\"2016-05-04T15:51:30+00:00\" \/>\n<meta property=\"article:modified_time\" content=\"2018-02-06T16:43:48+00:00\" \/>\n<meta property=\"og:image\" content=\"https:\/\/www.riyadelcadi.com\/wp-content\/uploads\/2016\/01\/2016-03-Madame-312x400.jpg\" \/>\n<meta name=\"author\" content=\"Julia Bartels\" \/>\n<meta name=\"twitter:card\" content=\"summary_large_image\" \/>\n<meta name=\"twitter:label1\" content=\"Verfasst von\" \/>\n\t<meta name=\"twitter:data1\" content=\"Julia Bartels\" \/>\n<script type=\"application\/ld+json\" class=\"yoast-schema-graph\">{\"@context\":\"https:\/\/schema.org\",\"@graph\":[{\"@type\":\"WebPage\",\"@id\":\"https:\/\/www.riyadelcadi.com\/de\/die-presse-im-fruehling-ueber-riyad-el-cadi\/\",\"url\":\"https:\/\/www.riyadelcadi.com\/de\/die-presse-im-fruehling-ueber-riyad-el-cadi\/\",\"name\":\"Die Presse im Fr\u00fchling \u00fcber Riyad El Cadi - Riyad El Cadi\",\"isPartOf\":{\"@id\":\"https:\/\/www.riyadelcadi.com\/de\/#website\"},\"primaryImageOfPage\":{\"@id\":\"https:\/\/www.riyadelcadi.com\/de\/die-presse-im-fruehling-ueber-riyad-el-cadi\/#primaryimage\"},\"image\":{\"@id\":\"https:\/\/www.riyadelcadi.com\/de\/die-presse-im-fruehling-ueber-riyad-el-cadi\/#primaryimage\"},\"thumbnailUrl\":\"https:\/\/www.riyadelcadi.com\/wp-content\/uploads\/2016\/01\/2016-03-Madame-312x400.jpg\",\"datePublished\":\"2016-05-04T15:51:30+00:00\",\"dateModified\":\"2018-02-06T16:43:48+00:00\",\"author\":{\"@id\":\"https:\/\/www.riyadelcadi.com\/de\/#\/schema\/person\/6501a3f629db18435c5292b8ba5e348d\"},\"breadcrumb\":{\"@id\":\"https:\/\/www.riyadelcadi.com\/de\/die-presse-im-fruehling-ueber-riyad-el-cadi\/#breadcrumb\"},\"inLanguage\":\"de\",\"potentialAction\":[{\"@type\":\"ReadAction\",\"target\":[\"https:\/\/www.riyadelcadi.com\/de\/die-presse-im-fruehling-ueber-riyad-el-cadi\/\"]}]},{\"@type\":\"ImageObject\",\"inLanguage\":\"de\",\"@id\":\"https:\/\/www.riyadelcadi.com\/de\/die-presse-im-fruehling-ueber-riyad-el-cadi\/#primaryimage\",\"url\":\"https:\/\/www.riyadelcadi.com\/wp-content\/uploads\/2016\/01\/2016-03-Madame-312x400.jpg\",\"contentUrl\":\"https:\/\/www.riyadelcadi.com\/wp-content\/uploads\/2016\/01\/2016-03-Madame-312x400.jpg\"},{\"@type\":\"BreadcrumbList\",\"@id\":\"https:\/\/www.riyadelcadi.com\/de\/die-presse-im-fruehling-ueber-riyad-el-cadi\/#breadcrumb\",\"itemListElement\":[{\"@type\":\"ListItem\",\"position\":1,\"name\":\"Startseite\",\"item\":\"https:\/\/www.riyadelcadi.com\/de\/\"},{\"@type\":\"ListItem\",\"position\":2,\"name\":\"Die Presse im Fr\u00fchling \u00fcber Riyad El Cadi\"}]},{\"@type\":\"WebSite\",\"@id\":\"https:\/\/www.riyadelcadi.com\/de\/#website\",\"url\":\"https:\/\/www.riyadelcadi.com\/de\/\",\"name\":\"Riyad El Cadi\",\"description\":\"Riad mit Stil in Marrakesch\",\"potentialAction\":[{\"@type\":\"SearchAction\",\"target\":{\"@type\":\"EntryPoint\",\"urlTemplate\":\"https:\/\/www.riyadelcadi.com\/de\/?s={search_term_string}\"},\"query-input\":{\"@type\":\"PropertyValueSpecification\",\"valueRequired\":true,\"valueName\":\"search_term_string\"}}],\"inLanguage\":\"de\"},{\"@type\":\"Person\",\"@id\":\"https:\/\/www.riyadelcadi.com\/de\/#\/schema\/person\/6501a3f629db18435c5292b8ba5e348d\",\"name\":\"Julia Bartels\",\"sameAs\":[\"http:\/\/www.riyadelcadi.com\"],\"url\":\"https:\/\/www.riyadelcadi.com\/de\/author\/jeuc762xhuzc99\/\"}]}<\/script>\n<!-- \/ Yoast SEO plugin. -->","yoast_head_json":{"title":"Die Presse im Fr\u00fchling \u00fcber Riyad El Cadi - Riyad El Cadi","robots":{"index":"index","follow":"follow","max-snippet":"max-snippet:-1","max-image-preview":"max-image-preview:large","max-video-preview":"max-video-preview:-1"},"canonical":"https:\/\/www.riyadelcadi.com\/de\/die-presse-im-fruehling-ueber-riyad-el-cadi\/","og_locale":"de_DE","og_type":"article","og_title":"Die Presse im Fr\u00fchling \u00fcber Riyad El Cadi - Riyad El Cadi","og_description":"Pressever\u00f6ffentlichungen aus dem Fr\u00fchling: Madame, ACHTZIG, Feinschmecker &#8222;In einem der beschaulichen Patios wird \u2013 nicht nur f\u00fcr Hotelg\u00e4ste \u2013 allerbeste marokkanische K\u00fcche serviert.&#8220; Madame Deutschland, April 2016, S. 168-169","og_url":"https:\/\/www.riyadelcadi.com\/de\/die-presse-im-fruehling-ueber-riyad-el-cadi\/","og_site_name":"Riyad El Cadi","article_publisher":"https:\/\/www.facebook.com\/RiyadElCadi\/","article_published_time":"2016-05-04T15:51:30+00:00","article_modified_time":"2018-02-06T16:43:48+00:00","og_image":[{"url":"https:\/\/www.riyadelcadi.com\/wp-content\/uploads\/2016\/01\/2016-03-Madame-312x400.jpg","type":"","width":"","height":""}],"author":"Julia Bartels","twitter_card":"summary_large_image","twitter_misc":{"Verfasst von":"Julia Bartels"},"schema":{"@context":"https:\/\/schema.org","@graph":[{"@type":"WebPage","@id":"https:\/\/www.riyadelcadi.com\/de\/die-presse-im-fruehling-ueber-riyad-el-cadi\/","url":"https:\/\/www.riyadelcadi.com\/de\/die-presse-im-fruehling-ueber-riyad-el-cadi\/","name":"Die Presse im Fr\u00fchling \u00fcber Riyad El Cadi - Riyad El Cadi","isPartOf":{"@id":"https:\/\/www.riyadelcadi.com\/de\/#website"},"primaryImageOfPage":{"@id":"https:\/\/www.riyadelcadi.com\/de\/die-presse-im-fruehling-ueber-riyad-el-cadi\/#primaryimage"},"image":{"@id":"https:\/\/www.riyadelcadi.com\/de\/die-presse-im-fruehling-ueber-riyad-el-cadi\/#primaryimage"},"thumbnailUrl":"https:\/\/www.riyadelcadi.com\/wp-content\/uploads\/2016\/01\/2016-03-Madame-312x400.jpg","datePublished":"2016-05-04T15:51:30+00:00","dateModified":"2018-02-06T16:43:48+00:00","author":{"@id":"https:\/\/www.riyadelcadi.com\/de\/#\/schema\/person\/6501a3f629db18435c5292b8ba5e348d"},"breadcrumb":{"@id":"https:\/\/www.riyadelcadi.com\/de\/die-presse-im-fruehling-ueber-riyad-el-cadi\/#breadcrumb"},"inLanguage":"de","potentialAction":[{"@type":"ReadAction","target":["https:\/\/www.riyadelcadi.com\/de\/die-presse-im-fruehling-ueber-riyad-el-cadi\/"]}]},{"@type":"ImageObject","inLanguage":"de","@id":"https:\/\/www.riyadelcadi.com\/de\/die-presse-im-fruehling-ueber-riyad-el-cadi\/#primaryimage","url":"https:\/\/www.riyadelcadi.com\/wp-content\/uploads\/2016\/01\/2016-03-Madame-312x400.jpg","contentUrl":"https:\/\/www.riyadelcadi.com\/wp-content\/uploads\/2016\/01\/2016-03-Madame-312x400.jpg"},{"@type":"BreadcrumbList","@id":"https:\/\/www.riyadelcadi.com\/de\/die-presse-im-fruehling-ueber-riyad-el-cadi\/#breadcrumb","itemListElement":[{"@type":"ListItem","position":1,"name":"Startseite","item":"https:\/\/www.riyadelcadi.com\/de\/"},{"@type":"ListItem","position":2,"name":"Die Presse im Fr\u00fchling \u00fcber Riyad El Cadi"}]},{"@type":"WebSite","@id":"https:\/\/www.riyadelcadi.com\/de\/#website","url":"https:\/\/www.riyadelcadi.com\/de\/","name":"Riyad El Cadi","description":"Riad mit Stil in Marrakesch","potentialAction":[{"@type":"SearchAction","target":{"@type":"EntryPoint","urlTemplate":"https:\/\/www.riyadelcadi.com\/de\/?s={search_term_string}"},"query-input":{"@type":"PropertyValueSpecification","valueRequired":true,"valueName":"search_term_string"}}],"inLanguage":"de"},{"@type":"Person","@id":"https:\/\/www.riyadelcadi.com\/de\/#\/schema\/person\/6501a3f629db18435c5292b8ba5e348d","name":"Julia Bartels","sameAs":["http:\/\/www.riyadelcadi.com"],"url":"https:\/\/www.riyadelcadi.com\/de\/author\/jeuc762xhuzc99\/"}]}},"_links":{"self":[{"href":"https:\/\/www.riyadelcadi.com\/de\/wp-json\/wp\/v2\/posts\/21124"}],"collection":[{"href":"https:\/\/www.riyadelcadi.com\/de\/wp-json\/wp\/v2\/posts"}],"about":[{"href":"https:\/\/www.riyadelcadi.com\/de\/wp-json\/wp\/v2\/types\/post"}],"author":[{"embeddable":true,"href":"https:\/\/www.riyadelcadi.com\/de\/wp-json\/wp\/v2\/users\/4"}],"replies":[{"embeddable":true,"href":"https:\/\/www.riyadelcadi.com\/de\/wp-json\/wp\/v2\/comments?post=21124"}],"version-history":[{"count":0,"href":"https:\/\/www.riyadelcadi.com\/de\/wp-json\/wp\/v2\/posts\/21124\/revisions"}],"wp:attachment":[{"href":"https:\/\/www.riyadelcadi.com\/de\/wp-json\/wp\/v2\/media?parent=21124"}],"wp:term":[{"taxonomy":"category","embeddable":true,"href":"https:\/\/www.riyadelcadi.com\/de\/wp-json\/wp\/v2\/categories?post=21124"},{"taxonomy":"post_tag","embeddable":true,"href":"https:\/\/www.riyadelcadi.com\/de\/wp-json\/wp\/v2\/tags?post=21124"}],"curies":[{"name":"wp","href":"https:\/\/api.w.org\/{rel}","templated":true}]}}