{"id":20813,"date":"2017-05-04T14:57:53","date_gmt":"2017-05-04T12:57:53","guid":{"rendered":"http:\/\/www.riyadelcadi.com\/de\/?p=20813"},"modified":"2018-01-18T20:46:15","modified_gmt":"2018-01-18T19:46:15","slug":"frauenpower-in-marrakesch","status":"publish","type":"post","link":"https:\/\/www.riyadelcadi.com\/de\/frauenpower-in-marrakesch\/","title":{"rendered":"Riyad El Cadi im ZDF: Hallo Deutschland, Frauenpower in Marrakesch"},"content":{"rendered":"<p>Wir freuen uns sehr \u00fcber einen sehr sch\u00f6nen Bericht im ZDF in der Reihe\u00a0<a href=\"https:\/\/www.zdf.de\/nachrichten\/hallo-deutschland\/frauenpower-in-marrakesch-102.html\" target=\"_blank\" rel=\"noopener noreferrer\"><strong>&#8222;Hallo Deutschland&#8220;, ZDF<\/strong>\u00a0 (Frauenpower\u00a0in Marrakesch) vom\u00a001.05.2017<\/a>: Das Team um Marl\u00e8ne Gr\u00f6tschnig hat wunderbare, stimmungsvolle Bilder von Marrakesch und vom Riyad El Cadi eingefangen. Ein sch\u00f6ner Bericht, um richtig Lust auf die Stadt zu machen!<\/p>\n","protected":false},"excerpt":{"rendered":"<p>Wir freuen uns sehr \u00fcber einen sehr sch\u00f6nen Bericht im ZDF in der Reihe\u00a0&#8222;Hallo Deutschland&#8220;, ZDF\u00a0 (Frauenpower\u00a0in Marrakesch) vom\u00a001.05.2017: Das Team um Marl\u00e8ne Gr\u00f6tschnig hat wunderbare, stimmungsvolle Bilder von Marrakesch und vom Riyad El Cadi eingefangen. Ein sch\u00f6ner Bericht, um richtig Lust auf die Stadt zu machen!<\/p>\n","protected":false},"author":4,"featured_media":21132,"comment_status":"closed","ping_status":"open","sticky":false,"template":"","format":"standard","meta":{"footnotes":""},"categories":[95,109,96,3],"tags":[],"yoast_head":"<!-- This site is optimized with the Yoast SEO plugin v24.5 - https:\/\/yoast.com\/wordpress\/plugins\/seo\/ -->\n<title>Riyad El Cadi im ZDF: Hallo Deutschland, Frauenpower in Marrakesch - Riyad El Cadi<\/title>\n<meta name=\"robots\" content=\"index, follow, max-snippet:-1, max-image-preview:large, max-video-preview:-1\" \/>\n<link rel=\"canonical\" href=\"https:\/\/www.riyadelcadi.com\/de\/frauenpower-in-marrakesch\/\" \/>\n<meta property=\"og:locale\" content=\"de_DE\" \/>\n<meta property=\"og:type\" content=\"article\" \/>\n<meta property=\"og:title\" content=\"Riyad El Cadi im ZDF: Hallo Deutschland, Frauenpower in Marrakesch - Riyad El Cadi\" \/>\n<meta property=\"og:description\" content=\"Wir freuen uns sehr \u00fcber einen sehr sch\u00f6nen Bericht im ZDF in der Reihe\u00a0&#8222;Hallo Deutschland&#8220;, ZDF\u00a0 (Frauenpower\u00a0in Marrakesch) vom\u00a001.05.2017: Das Team um Marl\u00e8ne Gr\u00f6tschnig hat wunderbare, stimmungsvolle Bilder von Marrakesch und vom Riyad El Cadi eingefangen. Ein sch\u00f6ner Bericht, um richtig Lust auf die Stadt zu machen!\" \/>\n<meta property=\"og:url\" content=\"https:\/\/www.riyadelcadi.com\/de\/frauenpower-in-marrakesch\/\" \/>\n<meta property=\"og:site_name\" content=\"Riyad El Cadi\" \/>\n<meta property=\"article:publisher\" content=\"https:\/\/www.facebook.com\/RiyadElCadi\/\" \/>\n<meta property=\"article:published_time\" content=\"2017-05-04T12:57:53+00:00\" \/>\n<meta property=\"article:modified_time\" content=\"2018-01-18T19:46:15+00:00\" \/>\n<meta property=\"og:image\" content=\"https:\/\/www.riyadelcadi.com\/wp-content\/uploads\/2017\/10\/Standbild-ZDF-Frauenpower_in_Marrakesch-2-1-Kopie.jpg\" \/>\n\t<meta property=\"og:image:width\" content=\"640\" \/>\n\t<meta property=\"og:image:height\" content=\"353\" \/>\n\t<meta property=\"og:image:type\" content=\"image\/jpeg\" \/>\n<meta name=\"author\" content=\"Julia Bartels\" \/>\n<meta name=\"twitter:card\" content=\"summary_large_image\" \/>\n<meta name=\"twitter:label1\" content=\"Verfasst von\" \/>\n\t<meta name=\"twitter:data1\" content=\"Julia Bartels\" \/>\n<script type=\"application\/ld+json\" class=\"yoast-schema-graph\">{\"@context\":\"https:\/\/schema.org\",\"@graph\":[{\"@type\":\"WebPage\",\"@id\":\"https:\/\/www.riyadelcadi.com\/de\/frauenpower-in-marrakesch\/\",\"url\":\"https:\/\/www.riyadelcadi.com\/de\/frauenpower-in-marrakesch\/\",\"name\":\"Riyad El Cadi im ZDF: Hallo Deutschland, Frauenpower in Marrakesch - Riyad El Cadi\",\"isPartOf\":{\"@id\":\"https:\/\/www.riyadelcadi.com\/de\/#website\"},\"primaryImageOfPage\":{\"@id\":\"https:\/\/www.riyadelcadi.com\/de\/frauenpower-in-marrakesch\/#primaryimage\"},\"image\":{\"@id\":\"https:\/\/www.riyadelcadi.com\/de\/frauenpower-in-marrakesch\/#primaryimage\"},\"thumbnailUrl\":\"https:\/\/www.riyadelcadi.com\/wp-content\/uploads\/2017\/10\/Standbild-ZDF-Frauenpower_in_Marrakesch-2-1-Kopie.jpg\",\"datePublished\":\"2017-05-04T12:57:53+00:00\",\"dateModified\":\"2018-01-18T19:46:15+00:00\",\"author\":{\"@id\":\"https:\/\/www.riyadelcadi.com\/de\/#\/schema\/person\/6501a3f629db18435c5292b8ba5e348d\"},\"breadcrumb\":{\"@id\":\"https:\/\/www.riyadelcadi.com\/de\/frauenpower-in-marrakesch\/#breadcrumb\"},\"inLanguage\":\"de\",\"potentialAction\":[{\"@type\":\"ReadAction\",\"target\":[\"https:\/\/www.riyadelcadi.com\/de\/frauenpower-in-marrakesch\/\"]}]},{\"@type\":\"ImageObject\",\"inLanguage\":\"de\",\"@id\":\"https:\/\/www.riyadelcadi.com\/de\/frauenpower-in-marrakesch\/#primaryimage\",\"url\":\"https:\/\/www.riyadelcadi.com\/wp-content\/uploads\/2017\/10\/Standbild-ZDF-Frauenpower_in_Marrakesch-2-1-Kopie.jpg\",\"contentUrl\":\"https:\/\/www.riyadelcadi.com\/wp-content\/uploads\/2017\/10\/Standbild-ZDF-Frauenpower_in_Marrakesch-2-1-Kopie.jpg\",\"width\":640,\"height\":353},{\"@type\":\"BreadcrumbList\",\"@id\":\"https:\/\/www.riyadelcadi.com\/de\/frauenpower-in-marrakesch\/#breadcrumb\",\"itemListElement\":[{\"@type\":\"ListItem\",\"position\":1,\"name\":\"Startseite\",\"item\":\"https:\/\/www.riyadelcadi.com\/de\/\"},{\"@type\":\"ListItem\",\"position\":2,\"name\":\"Riyad El Cadi im ZDF: Hallo Deutschland, Frauenpower in Marrakesch\"}]},{\"@type\":\"WebSite\",\"@id\":\"https:\/\/www.riyadelcadi.com\/de\/#website\",\"url\":\"https:\/\/www.riyadelcadi.com\/de\/\",\"name\":\"Riyad El Cadi\",\"description\":\"Riad mit Stil in Marrakesch\",\"potentialAction\":[{\"@type\":\"SearchAction\",\"target\":{\"@type\":\"EntryPoint\",\"urlTemplate\":\"https:\/\/www.riyadelcadi.com\/de\/?s={search_term_string}\"},\"query-input\":{\"@type\":\"PropertyValueSpecification\",\"valueRequired\":true,\"valueName\":\"search_term_string\"}}],\"inLanguage\":\"de\"},{\"@type\":\"Person\",\"@id\":\"https:\/\/www.riyadelcadi.com\/de\/#\/schema\/person\/6501a3f629db18435c5292b8ba5e348d\",\"name\":\"Julia Bartels\",\"sameAs\":[\"http:\/\/www.riyadelcadi.com\"],\"url\":\"https:\/\/www.riyadelcadi.com\/de\/author\/jeuc762xhuzc99\/\"}]}<\/script>\n<!-- \/ Yoast SEO plugin. -->","yoast_head_json":{"title":"Riyad El Cadi im ZDF: Hallo Deutschland, Frauenpower in Marrakesch - Riyad El Cadi","robots":{"index":"index","follow":"follow","max-snippet":"max-snippet:-1","max-image-preview":"max-image-preview:large","max-video-preview":"max-video-preview:-1"},"canonical":"https:\/\/www.riyadelcadi.com\/de\/frauenpower-in-marrakesch\/","og_locale":"de_DE","og_type":"article","og_title":"Riyad El Cadi im ZDF: Hallo Deutschland, Frauenpower in Marrakesch - Riyad El Cadi","og_description":"Wir freuen uns sehr \u00fcber einen sehr sch\u00f6nen Bericht im ZDF in der Reihe\u00a0&#8222;Hallo Deutschland&#8220;, ZDF\u00a0 (Frauenpower\u00a0in Marrakesch) vom\u00a001.05.2017: Das Team um Marl\u00e8ne Gr\u00f6tschnig hat wunderbare, stimmungsvolle Bilder von Marrakesch und vom Riyad El Cadi eingefangen. Ein sch\u00f6ner Bericht, um richtig Lust auf die Stadt zu machen!","og_url":"https:\/\/www.riyadelcadi.com\/de\/frauenpower-in-marrakesch\/","og_site_name":"Riyad El Cadi","article_publisher":"https:\/\/www.facebook.com\/RiyadElCadi\/","article_published_time":"2017-05-04T12:57:53+00:00","article_modified_time":"2018-01-18T19:46:15+00:00","og_image":[{"width":640,"height":353,"url":"https:\/\/www.riyadelcadi.com\/wp-content\/uploads\/2017\/10\/Standbild-ZDF-Frauenpower_in_Marrakesch-2-1-Kopie.jpg","type":"image\/jpeg"}],"author":"Julia Bartels","twitter_card":"summary_large_image","twitter_misc":{"Verfasst von":"Julia Bartels"},"schema":{"@context":"https:\/\/schema.org","@graph":[{"@type":"WebPage","@id":"https:\/\/www.riyadelcadi.com\/de\/frauenpower-in-marrakesch\/","url":"https:\/\/www.riyadelcadi.com\/de\/frauenpower-in-marrakesch\/","name":"Riyad El Cadi im ZDF: Hallo Deutschland, Frauenpower in Marrakesch - Riyad El Cadi","isPartOf":{"@id":"https:\/\/www.riyadelcadi.com\/de\/#website"},"primaryImageOfPage":{"@id":"https:\/\/www.riyadelcadi.com\/de\/frauenpower-in-marrakesch\/#primaryimage"},"image":{"@id":"https:\/\/www.riyadelcadi.com\/de\/frauenpower-in-marrakesch\/#primaryimage"},"thumbnailUrl":"https:\/\/www.riyadelcadi.com\/wp-content\/uploads\/2017\/10\/Standbild-ZDF-Frauenpower_in_Marrakesch-2-1-Kopie.jpg","datePublished":"2017-05-04T12:57:53+00:00","dateModified":"2018-01-18T19:46:15+00:00","author":{"@id":"https:\/\/www.riyadelcadi.com\/de\/#\/schema\/person\/6501a3f629db18435c5292b8ba5e348d"},"breadcrumb":{"@id":"https:\/\/www.riyadelcadi.com\/de\/frauenpower-in-marrakesch\/#breadcrumb"},"inLanguage":"de","potentialAction":[{"@type":"ReadAction","target":["https:\/\/www.riyadelcadi.com\/de\/frauenpower-in-marrakesch\/"]}]},{"@type":"ImageObject","inLanguage":"de","@id":"https:\/\/www.riyadelcadi.com\/de\/frauenpower-in-marrakesch\/#primaryimage","url":"https:\/\/www.riyadelcadi.com\/wp-content\/uploads\/2017\/10\/Standbild-ZDF-Frauenpower_in_Marrakesch-2-1-Kopie.jpg","contentUrl":"https:\/\/www.riyadelcadi.com\/wp-content\/uploads\/2017\/10\/Standbild-ZDF-Frauenpower_in_Marrakesch-2-1-Kopie.jpg","width":640,"height":353},{"@type":"BreadcrumbList","@id":"https:\/\/www.riyadelcadi.com\/de\/frauenpower-in-marrakesch\/#breadcrumb","itemListElement":[{"@type":"ListItem","position":1,"name":"Startseite","item":"https:\/\/www.riyadelcadi.com\/de\/"},{"@type":"ListItem","position":2,"name":"Riyad El Cadi im ZDF: Hallo Deutschland, Frauenpower in Marrakesch"}]},{"@type":"WebSite","@id":"https:\/\/www.riyadelcadi.com\/de\/#website","url":"https:\/\/www.riyadelcadi.com\/de\/","name":"Riyad El Cadi","description":"Riad mit Stil in Marrakesch","potentialAction":[{"@type":"SearchAction","target":{"@type":"EntryPoint","urlTemplate":"https:\/\/www.riyadelcadi.com\/de\/?s={search_term_string}"},"query-input":{"@type":"PropertyValueSpecification","valueRequired":true,"valueName":"search_term_string"}}],"inLanguage":"de"},{"@type":"Person","@id":"https:\/\/www.riyadelcadi.com\/de\/#\/schema\/person\/6501a3f629db18435c5292b8ba5e348d","name":"Julia Bartels","sameAs":["http:\/\/www.riyadelcadi.com"],"url":"https:\/\/www.riyadelcadi.com\/de\/author\/jeuc762xhuzc99\/"}]}},"_links":{"self":[{"href":"https:\/\/www.riyadelcadi.com\/de\/wp-json\/wp\/v2\/posts\/20813"}],"collection":[{"href":"https:\/\/www.riyadelcadi.com\/de\/wp-json\/wp\/v2\/posts"}],"about":[{"href":"https:\/\/www.riyadelcadi.com\/de\/wp-json\/wp\/v2\/types\/post"}],"author":[{"embeddable":true,"href":"https:\/\/www.riyadelcadi.com\/de\/wp-json\/wp\/v2\/users\/4"}],"replies":[{"embeddable":true,"href":"https:\/\/www.riyadelcadi.com\/de\/wp-json\/wp\/v2\/comments?post=20813"}],"version-history":[{"count":0,"href":"https:\/\/www.riyadelcadi.com\/de\/wp-json\/wp\/v2\/posts\/20813\/revisions"}],"wp:featuredmedia":[{"embeddable":true,"href":"https:\/\/www.riyadelcadi.com\/de\/wp-json\/wp\/v2\/media\/21132"}],"wp:attachment":[{"href":"https:\/\/www.riyadelcadi.com\/de\/wp-json\/wp\/v2\/media?parent=20813"}],"wp:term":[{"taxonomy":"category","embeddable":true,"href":"https:\/\/www.riyadelcadi.com\/de\/wp-json\/wp\/v2\/categories?post=20813"},{"taxonomy":"post_tag","embeddable":true,"href":"https:\/\/www.riyadelcadi.com\/de\/wp-json\/wp\/v2\/tags?post=20813"}],"curies":[{"name":"wp","href":"https:\/\/api.w.org\/{rel}","templated":true}]}}