{"id":19000,"date":"2011-06-15T14:27:11","date_gmt":"2011-06-15T12:27:11","guid":{"rendered":"http:\/\/www.riyadelcadi.com\/de\/2011\/06\/es-rockt-in-marrakesch\/"},"modified":"2016-05-31T22:30:25","modified_gmt":"2016-05-31T20:30:25","slug":"es-rockt-in-marrakesch","status":"publish","type":"post","link":"https:\/\/www.riyadelcadi.com\/de\/es-rockt-in-marrakesch\/","title":{"rendered":"Es rockt in Marrakesch"},"content":{"rendered":"<p style=\"text-align: justify;\">Es gibt zu jeder Zeit viel <strong>Live-Musik<\/strong> in Marrakesch: auf dem Platz Jemaa El Fna spielen die Gnaoua Gruppen Kopf kreisend und h\u00fcpfend laute T\u00f6ne, in dem wunderbaren Cyber Park trommeln Sch\u00fcler und Studenten unter alten B\u00e4umen zu ihren Liedern und der Kellner im Caf\u00e9 serviert den Kaffee ausschlie\u00dflich summend.<\/p>\n<p style=\"text-align: justify;\">Doch der Juli gilt als der <strong>musikalische H\u00f6hepunkt<\/strong> der t\u00f6nenden Stadt: vom <strong>29. Juni bis 03. Juli<\/strong> <strong>2011<\/strong> ist Marrakesch der Austragungsort f\u00fcr das <strong>Festival der Popul\u00e4rmusik<\/strong>. <!--more-->Wir freuen uns auf eine bunte Auswahl von Konzerten unter freiem Himmel, auf Berber Kl\u00e4nge im Abschlusskonzert im Badi Palast, auf kreisende M\u00fctzenbommel und tanzende Kutten. Neu dieses Jahr: ein in dem Olivengarten beim Bab Jdid aufgebautes Dorf mit zahlreichen Kleinb\u00fchnen f\u00fcr K\u00fcnstler. Das Programm findet man unter <a href=\"http:\/\/www.festivalmarrakech.info\/\">www.marrakechfestival.com<\/a>.<\/p>\n<div>\n<p>Foto: \u00a9 robert paul van beets &#8211; Fotolia.com<\/p>\n<\/div>\n","protected":false},"excerpt":{"rendered":"<p>Es gibt zu jeder Zeit viel Live-Musik in Marrakesch: auf dem Platz Jemaa El Fna spielen die Gnaoua Gruppen Kopf kreisend und h\u00fcpfend laute T\u00f6ne, in dem wunderbaren Cyber Park trommeln Sch\u00fcler und Studenten unter alten B\u00e4umen zu ihren Liedern und der Kellner im Caf\u00e9 serviert den Kaffee ausschlie\u00dflich summend. Doch der Juli gilt als [&hellip;]<\/p>\n","protected":false},"author":4,"featured_media":11018,"comment_status":"closed","ping_status":"open","sticky":false,"template":"","format":"standard","meta":{"footnotes":""},"categories":[95,102],"tags":[],"yoast_head":"<!-- This site is optimized with the Yoast SEO plugin v24.5 - https:\/\/yoast.com\/wordpress\/plugins\/seo\/ -->\n<title>Es rockt in Marrakesch - Riyad El Cadi<\/title>\n<meta name=\"robots\" content=\"index, follow, max-snippet:-1, max-image-preview:large, max-video-preview:-1\" \/>\n<link rel=\"canonical\" href=\"https:\/\/www.riyadelcadi.com\/de\/es-rockt-in-marrakesch\/\" \/>\n<meta property=\"og:locale\" content=\"de_DE\" \/>\n<meta property=\"og:type\" content=\"article\" \/>\n<meta property=\"og:title\" content=\"Es rockt in Marrakesch - Riyad El Cadi\" \/>\n<meta property=\"og:description\" content=\"Es gibt zu jeder Zeit viel Live-Musik in Marrakesch: auf dem Platz Jemaa El Fna spielen die Gnaoua Gruppen Kopf kreisend und h\u00fcpfend laute T\u00f6ne, in dem wunderbaren Cyber Park trommeln Sch\u00fcler und Studenten unter alten B\u00e4umen zu ihren Liedern und der Kellner im Caf\u00e9 serviert den Kaffee ausschlie\u00dflich summend. Doch der Juli gilt als [&hellip;]\" \/>\n<meta property=\"og:url\" content=\"https:\/\/www.riyadelcadi.com\/de\/es-rockt-in-marrakesch\/\" \/>\n<meta property=\"og:site_name\" content=\"Riyad El Cadi\" \/>\n<meta property=\"article:publisher\" content=\"https:\/\/www.facebook.com\/RiyadElCadi\/\" \/>\n<meta property=\"article:published_time\" content=\"2011-06-15T12:27:11+00:00\" \/>\n<meta property=\"article:modified_time\" content=\"2016-05-31T20:30:25+00:00\" \/>\n<meta property=\"og:image\" content=\"https:\/\/www.riyadelcadi.com\/wp-content\/uploads\/2011\/07\/Geigenspieler1.jpeg\" \/>\n\t<meta property=\"og:image:width\" content=\"404\" \/>\n\t<meta property=\"og:image:height\" content=\"297\" \/>\n\t<meta property=\"og:image:type\" content=\"image\/jpeg\" \/>\n<meta name=\"author\" content=\"Julia Bartels\" \/>\n<meta name=\"twitter:card\" content=\"summary_large_image\" \/>\n<meta name=\"twitter:label1\" content=\"Verfasst von\" \/>\n\t<meta name=\"twitter:data1\" content=\"Julia Bartels\" \/>\n\t<meta name=\"twitter:label2\" content=\"Gesch\u00e4tzte Lesezeit\" \/>\n\t<meta name=\"twitter:data2\" content=\"1\u00a0Minute\" \/>\n<script type=\"application\/ld+json\" class=\"yoast-schema-graph\">{\"@context\":\"https:\/\/schema.org\",\"@graph\":[{\"@type\":\"WebPage\",\"@id\":\"https:\/\/www.riyadelcadi.com\/de\/es-rockt-in-marrakesch\/\",\"url\":\"https:\/\/www.riyadelcadi.com\/de\/es-rockt-in-marrakesch\/\",\"name\":\"Es rockt in Marrakesch - Riyad El Cadi\",\"isPartOf\":{\"@id\":\"https:\/\/www.riyadelcadi.com\/de\/#website\"},\"primaryImageOfPage\":{\"@id\":\"https:\/\/www.riyadelcadi.com\/de\/es-rockt-in-marrakesch\/#primaryimage\"},\"image\":{\"@id\":\"https:\/\/www.riyadelcadi.com\/de\/es-rockt-in-marrakesch\/#primaryimage\"},\"thumbnailUrl\":\"https:\/\/www.riyadelcadi.com\/wp-content\/uploads\/2011\/07\/Geigenspieler1.jpeg\",\"datePublished\":\"2011-06-15T12:27:11+00:00\",\"dateModified\":\"2016-05-31T20:30:25+00:00\",\"author\":{\"@id\":\"https:\/\/www.riyadelcadi.com\/de\/#\/schema\/person\/6501a3f629db18435c5292b8ba5e348d\"},\"breadcrumb\":{\"@id\":\"https:\/\/www.riyadelcadi.com\/de\/es-rockt-in-marrakesch\/#breadcrumb\"},\"inLanguage\":\"de\",\"potentialAction\":[{\"@type\":\"ReadAction\",\"target\":[\"https:\/\/www.riyadelcadi.com\/de\/es-rockt-in-marrakesch\/\"]}]},{\"@type\":\"ImageObject\",\"inLanguage\":\"de\",\"@id\":\"https:\/\/www.riyadelcadi.com\/de\/es-rockt-in-marrakesch\/#primaryimage\",\"url\":\"https:\/\/www.riyadelcadi.com\/wp-content\/uploads\/2011\/07\/Geigenspieler1.jpeg\",\"contentUrl\":\"https:\/\/www.riyadelcadi.com\/wp-content\/uploads\/2011\/07\/Geigenspieler1.jpeg\",\"width\":404,\"height\":297},{\"@type\":\"BreadcrumbList\",\"@id\":\"https:\/\/www.riyadelcadi.com\/de\/es-rockt-in-marrakesch\/#breadcrumb\",\"itemListElement\":[{\"@type\":\"ListItem\",\"position\":1,\"name\":\"Startseite\",\"item\":\"https:\/\/www.riyadelcadi.com\/de\/\"},{\"@type\":\"ListItem\",\"position\":2,\"name\":\"Es rockt in Marrakesch\"}]},{\"@type\":\"WebSite\",\"@id\":\"https:\/\/www.riyadelcadi.com\/de\/#website\",\"url\":\"https:\/\/www.riyadelcadi.com\/de\/\",\"name\":\"Riyad El Cadi\",\"description\":\"Riad mit Stil in Marrakesch\",\"potentialAction\":[{\"@type\":\"SearchAction\",\"target\":{\"@type\":\"EntryPoint\",\"urlTemplate\":\"https:\/\/www.riyadelcadi.com\/de\/?s={search_term_string}\"},\"query-input\":{\"@type\":\"PropertyValueSpecification\",\"valueRequired\":true,\"valueName\":\"search_term_string\"}}],\"inLanguage\":\"de\"},{\"@type\":\"Person\",\"@id\":\"https:\/\/www.riyadelcadi.com\/de\/#\/schema\/person\/6501a3f629db18435c5292b8ba5e348d\",\"name\":\"Julia Bartels\",\"sameAs\":[\"http:\/\/www.riyadelcadi.com\"],\"url\":\"https:\/\/www.riyadelcadi.com\/de\/author\/jeuc762xhuzc99\/\"}]}<\/script>\n<!-- \/ Yoast SEO plugin. -->","yoast_head_json":{"title":"Es rockt in Marrakesch - Riyad El Cadi","robots":{"index":"index","follow":"follow","max-snippet":"max-snippet:-1","max-image-preview":"max-image-preview:large","max-video-preview":"max-video-preview:-1"},"canonical":"https:\/\/www.riyadelcadi.com\/de\/es-rockt-in-marrakesch\/","og_locale":"de_DE","og_type":"article","og_title":"Es rockt in Marrakesch - Riyad El Cadi","og_description":"Es gibt zu jeder Zeit viel Live-Musik in Marrakesch: auf dem Platz Jemaa El Fna spielen die Gnaoua Gruppen Kopf kreisend und h\u00fcpfend laute T\u00f6ne, in dem wunderbaren Cyber Park trommeln Sch\u00fcler und Studenten unter alten B\u00e4umen zu ihren Liedern und der Kellner im Caf\u00e9 serviert den Kaffee ausschlie\u00dflich summend. Doch der Juli gilt als [&hellip;]","og_url":"https:\/\/www.riyadelcadi.com\/de\/es-rockt-in-marrakesch\/","og_site_name":"Riyad El Cadi","article_publisher":"https:\/\/www.facebook.com\/RiyadElCadi\/","article_published_time":"2011-06-15T12:27:11+00:00","article_modified_time":"2016-05-31T20:30:25+00:00","og_image":[{"width":404,"height":297,"url":"https:\/\/www.riyadelcadi.com\/wp-content\/uploads\/2011\/07\/Geigenspieler1.jpeg","type":"image\/jpeg"}],"author":"Julia Bartels","twitter_card":"summary_large_image","twitter_misc":{"Verfasst von":"Julia Bartels","Gesch\u00e4tzte Lesezeit":"1\u00a0Minute"},"schema":{"@context":"https:\/\/schema.org","@graph":[{"@type":"WebPage","@id":"https:\/\/www.riyadelcadi.com\/de\/es-rockt-in-marrakesch\/","url":"https:\/\/www.riyadelcadi.com\/de\/es-rockt-in-marrakesch\/","name":"Es rockt in Marrakesch - Riyad El Cadi","isPartOf":{"@id":"https:\/\/www.riyadelcadi.com\/de\/#website"},"primaryImageOfPage":{"@id":"https:\/\/www.riyadelcadi.com\/de\/es-rockt-in-marrakesch\/#primaryimage"},"image":{"@id":"https:\/\/www.riyadelcadi.com\/de\/es-rockt-in-marrakesch\/#primaryimage"},"thumbnailUrl":"https:\/\/www.riyadelcadi.com\/wp-content\/uploads\/2011\/07\/Geigenspieler1.jpeg","datePublished":"2011-06-15T12:27:11+00:00","dateModified":"2016-05-31T20:30:25+00:00","author":{"@id":"https:\/\/www.riyadelcadi.com\/de\/#\/schema\/person\/6501a3f629db18435c5292b8ba5e348d"},"breadcrumb":{"@id":"https:\/\/www.riyadelcadi.com\/de\/es-rockt-in-marrakesch\/#breadcrumb"},"inLanguage":"de","potentialAction":[{"@type":"ReadAction","target":["https:\/\/www.riyadelcadi.com\/de\/es-rockt-in-marrakesch\/"]}]},{"@type":"ImageObject","inLanguage":"de","@id":"https:\/\/www.riyadelcadi.com\/de\/es-rockt-in-marrakesch\/#primaryimage","url":"https:\/\/www.riyadelcadi.com\/wp-content\/uploads\/2011\/07\/Geigenspieler1.jpeg","contentUrl":"https:\/\/www.riyadelcadi.com\/wp-content\/uploads\/2011\/07\/Geigenspieler1.jpeg","width":404,"height":297},{"@type":"BreadcrumbList","@id":"https:\/\/www.riyadelcadi.com\/de\/es-rockt-in-marrakesch\/#breadcrumb","itemListElement":[{"@type":"ListItem","position":1,"name":"Startseite","item":"https:\/\/www.riyadelcadi.com\/de\/"},{"@type":"ListItem","position":2,"name":"Es rockt in Marrakesch"}]},{"@type":"WebSite","@id":"https:\/\/www.riyadelcadi.com\/de\/#website","url":"https:\/\/www.riyadelcadi.com\/de\/","name":"Riyad El Cadi","description":"Riad mit Stil in Marrakesch","potentialAction":[{"@type":"SearchAction","target":{"@type":"EntryPoint","urlTemplate":"https:\/\/www.riyadelcadi.com\/de\/?s={search_term_string}"},"query-input":{"@type":"PropertyValueSpecification","valueRequired":true,"valueName":"search_term_string"}}],"inLanguage":"de"},{"@type":"Person","@id":"https:\/\/www.riyadelcadi.com\/de\/#\/schema\/person\/6501a3f629db18435c5292b8ba5e348d","name":"Julia Bartels","sameAs":["http:\/\/www.riyadelcadi.com"],"url":"https:\/\/www.riyadelcadi.com\/de\/author\/jeuc762xhuzc99\/"}]}},"_links":{"self":[{"href":"https:\/\/www.riyadelcadi.com\/de\/wp-json\/wp\/v2\/posts\/19000"}],"collection":[{"href":"https:\/\/www.riyadelcadi.com\/de\/wp-json\/wp\/v2\/posts"}],"about":[{"href":"https:\/\/www.riyadelcadi.com\/de\/wp-json\/wp\/v2\/types\/post"}],"author":[{"embeddable":true,"href":"https:\/\/www.riyadelcadi.com\/de\/wp-json\/wp\/v2\/users\/4"}],"replies":[{"embeddable":true,"href":"https:\/\/www.riyadelcadi.com\/de\/wp-json\/wp\/v2\/comments?post=19000"}],"version-history":[{"count":0,"href":"https:\/\/www.riyadelcadi.com\/de\/wp-json\/wp\/v2\/posts\/19000\/revisions"}],"wp:featuredmedia":[{"embeddable":true,"href":"https:\/\/www.riyadelcadi.com\/de\/wp-json\/wp\/v2\/media\/11018"}],"wp:attachment":[{"href":"https:\/\/www.riyadelcadi.com\/de\/wp-json\/wp\/v2\/media?parent=19000"}],"wp:term":[{"taxonomy":"category","embeddable":true,"href":"https:\/\/www.riyadelcadi.com\/de\/wp-json\/wp\/v2\/categories?post=19000"},{"taxonomy":"post_tag","embeddable":true,"href":"https:\/\/www.riyadelcadi.com\/de\/wp-json\/wp\/v2\/tags?post=19000"}],"curies":[{"name":"wp","href":"https:\/\/api.w.org\/{rel}","templated":true}]}}