{"id":18998,"date":"2011-07-07T12:15:27","date_gmt":"2011-07-07T10:15:27","guid":{"rendered":"http:\/\/www.riyadelcadi.com\/de\/2011\/07\/der-prinz-im-riyad-el-cadi\/"},"modified":"2016-05-31T22:16:01","modified_gmt":"2016-05-31T20:16:01","slug":"der-prinz-im-riyad-el-cadi","status":"publish","type":"post","link":"https:\/\/www.riyadelcadi.com\/de\/der-prinz-im-riyad-el-cadi\/","title":{"rendered":"Der Prinz im Riyad El Cadi"},"content":{"rendered":"<p style=\"text-align: justify;\">Ein Prinz wollte sich unser Haus anschauen. Das Personal seines Hotels hatte sich \u00fcberschlagen vor Eifer in dem Bem\u00fchen, uns deutlich zu machen, dass eine veritable Hoheit sich die Ehre gab, unser bescheidenes Riad aufzusuchen.<\/p>\n<p style=\"text-align: justify;\">Es trafen ein: eine matronige Dame mexikanischer Herkunft, ein gespr\u00e4chiger K\u00fcnstler mit deutschem Akzent, eine undurchsichtige, dunkle Figur von Mann mit einer Jacke, wie ich sie Anfang der 90er in einem Gesch\u00e4ft f\u00fcr Damenmoden erstanden hatte, sowie ein Herr mit vollen Lippen, schwarzen, von sattem \u00d6l gl\u00e4nzenden Locken, die ihn \u00fcberlang in den Nacken wuchsen, in seiner Hand die Gebetskette mit gelben Perlen.<\/p>\n<p style=\"text-align: justify;\">Lange blieb unklar, wer der Prinz denn nun sei \u2013 war es einer aus dem deutschen Kaisergeschlecht mit einer mehr oder weniger nahen Anwartschaft auf den Thron, oder ein arabisch\/indischer Prinz oder war die ganze Mannschaft gar nur ein perfides Diebesteam?\u00a0Der K\u00fcnstler zeigte sich unentwegt euphorisch begeistert , die Mexikanerin als Grande Dame. Sprachlos und finster blieb die dunkle Entourage.<\/p>\n<p style=\"text-align: justify;\">Erst in unserer Osmanischen Suite lockerte sich das bislang unbewegte Gesicht unseres Gastes mit den \u00f6ligen Locken. Hier entdeckte Seine Excellenz zu seiner unverhohlenen Begeisterung Bekanntes, die Gebetskette geriet in heftigere Bewegung und ich avancierte pl\u00f6tzlich zu seiner Vertrauten mit profunden Kenntnissen in der Textilkunst des Ferneren und Nahen Osten sowie des gesamten Nordafrika. In gel\u00f6ster Stimmung kaufte er unsere Boutique leer, nachdem ich ihm etwas vage mitteilte, dass alles alt, aber das eine oder andere insbesondere aus dem ausgehenden 19. Jh sei. Schlie\u00dflich wies er seinen Adjutanten an, die Rechnung mit einem in dessen K\u00f6fferchen befindlichen Stapel an rosa Scheinen zu begleichen.<\/p>\n<p style=\"text-align: justify;\">Nun war der Hunger des Sammlers aus Qatar nach mehr geweckt: auf zu Moulay Cherif im Bazar du Sud mit seinen wundersch\u00f6nen Teppichen und Textilien. Stapel fielen, unz\u00e4hlige St\u00fccke wurden auf dem Boden f\u00fcr den Prinzen ausgebreitet, doch der unger\u00fchrt, bl\u00e4tterte in einem Buch. Kein Ton, kein L\u00e4cheln &#8211; steinerne Maske; Moulay Cherif schwitzte. Schlie\u00dflich die entschiedene Anweisung: Ich will das alles nicht sehen, mich interessiert nicht die Masse, ich will nur altes, zeig mir Deine vier \u00e4ltesten St\u00fccke. Es wurden verschiedene vier \u00e4lteste St\u00fccke gezeigt, die ihn nicht alle zu \u00fcberzeugen schienen: immer wieder die Frage: sind die wirklich die \u00e4ltesten?<\/p>\n<p style=\"text-align: justify;\">Schlie\u00dflich war der Rat der Expertin in Sachen Textilien Nordafrikas gefordert: Welches von den wei\u00dfen, meinst Du, ist das \u00e4lteste? Ist dieses St\u00fcck \u00e4lter als dasjenige, das ich bei Euch gekauft habe? Nun, tja\u2026. alt sind sie alle, wie gesagt\u2026. Angeschaut hat er sich keines davon, gekauft hat er die vier \u00e4ltesten &#8211; mit lauter rosa Scheinen aus dem K\u00f6fferchen seines Adjutanten.<\/p>\n","protected":false},"excerpt":{"rendered":"<p>Ein Prinz wollte sich unser Haus anschauen. Das Personal seines Hotels hatte sich \u00fcberschlagen vor Eifer in dem Bem\u00fchen, uns deutlich zu machen, dass eine veritable Hoheit sich die Ehre gab, unser bescheidenes Riad aufzusuchen. Es trafen ein: eine matronige Dame mexikanischer Herkunft, ein gespr\u00e4chiger K\u00fcnstler mit deutschem Akzent, eine undurchsichtige, dunkle Figur von Mann [&hellip;]<\/p>\n","protected":false},"author":4,"featured_media":11006,"comment_status":"closed","ping_status":"open","sticky":false,"template":"","format":"standard","meta":{"footnotes":""},"categories":[95,102,3],"tags":[],"yoast_head":"<!-- This site is optimized with the Yoast SEO plugin v24.5 - https:\/\/yoast.com\/wordpress\/plugins\/seo\/ -->\n<title>Der Prinz im Riyad El Cadi - Riyad El Cadi<\/title>\n<meta name=\"robots\" content=\"index, follow, max-snippet:-1, max-image-preview:large, max-video-preview:-1\" \/>\n<link rel=\"canonical\" href=\"https:\/\/www.riyadelcadi.com\/de\/der-prinz-im-riyad-el-cadi\/\" \/>\n<meta property=\"og:locale\" content=\"de_DE\" \/>\n<meta property=\"og:type\" content=\"article\" \/>\n<meta property=\"og:title\" content=\"Der Prinz im Riyad El Cadi - Riyad El Cadi\" \/>\n<meta property=\"og:description\" content=\"Ein Prinz wollte sich unser Haus anschauen. Das Personal seines Hotels hatte sich \u00fcberschlagen vor Eifer in dem Bem\u00fchen, uns deutlich zu machen, dass eine veritable Hoheit sich die Ehre gab, unser bescheidenes Riad aufzusuchen. Es trafen ein: eine matronige Dame mexikanischer Herkunft, ein gespr\u00e4chiger K\u00fcnstler mit deutschem Akzent, eine undurchsichtige, dunkle Figur von Mann [&hellip;]\" \/>\n<meta property=\"og:url\" content=\"https:\/\/www.riyadelcadi.com\/de\/der-prinz-im-riyad-el-cadi\/\" \/>\n<meta property=\"og:site_name\" content=\"Riyad El Cadi\" \/>\n<meta property=\"article:publisher\" content=\"https:\/\/www.facebook.com\/RiyadElCadi\/\" \/>\n<meta property=\"article:published_time\" content=\"2011-07-07T10:15:27+00:00\" \/>\n<meta property=\"article:modified_time\" content=\"2016-05-31T20:16:01+00:00\" \/>\n<meta property=\"og:image\" content=\"https:\/\/www.riyadelcadi.com\/wp-content\/uploads\/2011\/07\/Moulay-Youssef-im-Bazar-du-Sud.jpeg\" \/>\n\t<meta property=\"og:image:width\" content=\"600\" \/>\n\t<meta property=\"og:image:height\" content=\"247\" \/>\n\t<meta property=\"og:image:type\" content=\"image\/jpeg\" \/>\n<meta name=\"author\" content=\"Julia Bartels\" \/>\n<meta name=\"twitter:card\" content=\"summary_large_image\" \/>\n<meta name=\"twitter:label1\" content=\"Verfasst von\" \/>\n\t<meta name=\"twitter:data1\" content=\"Julia Bartels\" \/>\n\t<meta name=\"twitter:label2\" content=\"Gesch\u00e4tzte Lesezeit\" \/>\n\t<meta name=\"twitter:data2\" content=\"2\u00a0Minuten\" \/>\n<script type=\"application\/ld+json\" class=\"yoast-schema-graph\">{\"@context\":\"https:\/\/schema.org\",\"@graph\":[{\"@type\":\"WebPage\",\"@id\":\"https:\/\/www.riyadelcadi.com\/de\/der-prinz-im-riyad-el-cadi\/\",\"url\":\"https:\/\/www.riyadelcadi.com\/de\/der-prinz-im-riyad-el-cadi\/\",\"name\":\"Der Prinz im Riyad El Cadi - Riyad El Cadi\",\"isPartOf\":{\"@id\":\"https:\/\/www.riyadelcadi.com\/de\/#website\"},\"primaryImageOfPage\":{\"@id\":\"https:\/\/www.riyadelcadi.com\/de\/der-prinz-im-riyad-el-cadi\/#primaryimage\"},\"image\":{\"@id\":\"https:\/\/www.riyadelcadi.com\/de\/der-prinz-im-riyad-el-cadi\/#primaryimage\"},\"thumbnailUrl\":\"https:\/\/www.riyadelcadi.com\/wp-content\/uploads\/2011\/07\/Moulay-Youssef-im-Bazar-du-Sud.jpeg\",\"datePublished\":\"2011-07-07T10:15:27+00:00\",\"dateModified\":\"2016-05-31T20:16:01+00:00\",\"author\":{\"@id\":\"https:\/\/www.riyadelcadi.com\/de\/#\/schema\/person\/6501a3f629db18435c5292b8ba5e348d\"},\"breadcrumb\":{\"@id\":\"https:\/\/www.riyadelcadi.com\/de\/der-prinz-im-riyad-el-cadi\/#breadcrumb\"},\"inLanguage\":\"de\",\"potentialAction\":[{\"@type\":\"ReadAction\",\"target\":[\"https:\/\/www.riyadelcadi.com\/de\/der-prinz-im-riyad-el-cadi\/\"]}]},{\"@type\":\"ImageObject\",\"inLanguage\":\"de\",\"@id\":\"https:\/\/www.riyadelcadi.com\/de\/der-prinz-im-riyad-el-cadi\/#primaryimage\",\"url\":\"https:\/\/www.riyadelcadi.com\/wp-content\/uploads\/2011\/07\/Moulay-Youssef-im-Bazar-du-Sud.jpeg\",\"contentUrl\":\"https:\/\/www.riyadelcadi.com\/wp-content\/uploads\/2011\/07\/Moulay-Youssef-im-Bazar-du-Sud.jpeg\",\"width\":600,\"height\":247},{\"@type\":\"BreadcrumbList\",\"@id\":\"https:\/\/www.riyadelcadi.com\/de\/der-prinz-im-riyad-el-cadi\/#breadcrumb\",\"itemListElement\":[{\"@type\":\"ListItem\",\"position\":1,\"name\":\"Startseite\",\"item\":\"https:\/\/www.riyadelcadi.com\/de\/\"},{\"@type\":\"ListItem\",\"position\":2,\"name\":\"Der Prinz im Riyad El Cadi\"}]},{\"@type\":\"WebSite\",\"@id\":\"https:\/\/www.riyadelcadi.com\/de\/#website\",\"url\":\"https:\/\/www.riyadelcadi.com\/de\/\",\"name\":\"Riyad El Cadi\",\"description\":\"Riad mit Stil in Marrakesch\",\"potentialAction\":[{\"@type\":\"SearchAction\",\"target\":{\"@type\":\"EntryPoint\",\"urlTemplate\":\"https:\/\/www.riyadelcadi.com\/de\/?s={search_term_string}\"},\"query-input\":{\"@type\":\"PropertyValueSpecification\",\"valueRequired\":true,\"valueName\":\"search_term_string\"}}],\"inLanguage\":\"de\"},{\"@type\":\"Person\",\"@id\":\"https:\/\/www.riyadelcadi.com\/de\/#\/schema\/person\/6501a3f629db18435c5292b8ba5e348d\",\"name\":\"Julia Bartels\",\"sameAs\":[\"http:\/\/www.riyadelcadi.com\"],\"url\":\"https:\/\/www.riyadelcadi.com\/de\/author\/jeuc762xhuzc99\/\"}]}<\/script>\n<!-- \/ Yoast SEO plugin. -->","yoast_head_json":{"title":"Der Prinz im Riyad El Cadi - Riyad El Cadi","robots":{"index":"index","follow":"follow","max-snippet":"max-snippet:-1","max-image-preview":"max-image-preview:large","max-video-preview":"max-video-preview:-1"},"canonical":"https:\/\/www.riyadelcadi.com\/de\/der-prinz-im-riyad-el-cadi\/","og_locale":"de_DE","og_type":"article","og_title":"Der Prinz im Riyad El Cadi - Riyad El Cadi","og_description":"Ein Prinz wollte sich unser Haus anschauen. Das Personal seines Hotels hatte sich \u00fcberschlagen vor Eifer in dem Bem\u00fchen, uns deutlich zu machen, dass eine veritable Hoheit sich die Ehre gab, unser bescheidenes Riad aufzusuchen. Es trafen ein: eine matronige Dame mexikanischer Herkunft, ein gespr\u00e4chiger K\u00fcnstler mit deutschem Akzent, eine undurchsichtige, dunkle Figur von Mann [&hellip;]","og_url":"https:\/\/www.riyadelcadi.com\/de\/der-prinz-im-riyad-el-cadi\/","og_site_name":"Riyad El Cadi","article_publisher":"https:\/\/www.facebook.com\/RiyadElCadi\/","article_published_time":"2011-07-07T10:15:27+00:00","article_modified_time":"2016-05-31T20:16:01+00:00","og_image":[{"width":600,"height":247,"url":"https:\/\/www.riyadelcadi.com\/wp-content\/uploads\/2011\/07\/Moulay-Youssef-im-Bazar-du-Sud.jpeg","type":"image\/jpeg"}],"author":"Julia Bartels","twitter_card":"summary_large_image","twitter_misc":{"Verfasst von":"Julia Bartels","Gesch\u00e4tzte Lesezeit":"2\u00a0Minuten"},"schema":{"@context":"https:\/\/schema.org","@graph":[{"@type":"WebPage","@id":"https:\/\/www.riyadelcadi.com\/de\/der-prinz-im-riyad-el-cadi\/","url":"https:\/\/www.riyadelcadi.com\/de\/der-prinz-im-riyad-el-cadi\/","name":"Der Prinz im Riyad El Cadi - Riyad El Cadi","isPartOf":{"@id":"https:\/\/www.riyadelcadi.com\/de\/#website"},"primaryImageOfPage":{"@id":"https:\/\/www.riyadelcadi.com\/de\/der-prinz-im-riyad-el-cadi\/#primaryimage"},"image":{"@id":"https:\/\/www.riyadelcadi.com\/de\/der-prinz-im-riyad-el-cadi\/#primaryimage"},"thumbnailUrl":"https:\/\/www.riyadelcadi.com\/wp-content\/uploads\/2011\/07\/Moulay-Youssef-im-Bazar-du-Sud.jpeg","datePublished":"2011-07-07T10:15:27+00:00","dateModified":"2016-05-31T20:16:01+00:00","author":{"@id":"https:\/\/www.riyadelcadi.com\/de\/#\/schema\/person\/6501a3f629db18435c5292b8ba5e348d"},"breadcrumb":{"@id":"https:\/\/www.riyadelcadi.com\/de\/der-prinz-im-riyad-el-cadi\/#breadcrumb"},"inLanguage":"de","potentialAction":[{"@type":"ReadAction","target":["https:\/\/www.riyadelcadi.com\/de\/der-prinz-im-riyad-el-cadi\/"]}]},{"@type":"ImageObject","inLanguage":"de","@id":"https:\/\/www.riyadelcadi.com\/de\/der-prinz-im-riyad-el-cadi\/#primaryimage","url":"https:\/\/www.riyadelcadi.com\/wp-content\/uploads\/2011\/07\/Moulay-Youssef-im-Bazar-du-Sud.jpeg","contentUrl":"https:\/\/www.riyadelcadi.com\/wp-content\/uploads\/2011\/07\/Moulay-Youssef-im-Bazar-du-Sud.jpeg","width":600,"height":247},{"@type":"BreadcrumbList","@id":"https:\/\/www.riyadelcadi.com\/de\/der-prinz-im-riyad-el-cadi\/#breadcrumb","itemListElement":[{"@type":"ListItem","position":1,"name":"Startseite","item":"https:\/\/www.riyadelcadi.com\/de\/"},{"@type":"ListItem","position":2,"name":"Der Prinz im Riyad El Cadi"}]},{"@type":"WebSite","@id":"https:\/\/www.riyadelcadi.com\/de\/#website","url":"https:\/\/www.riyadelcadi.com\/de\/","name":"Riyad El Cadi","description":"Riad mit Stil in Marrakesch","potentialAction":[{"@type":"SearchAction","target":{"@type":"EntryPoint","urlTemplate":"https:\/\/www.riyadelcadi.com\/de\/?s={search_term_string}"},"query-input":{"@type":"PropertyValueSpecification","valueRequired":true,"valueName":"search_term_string"}}],"inLanguage":"de"},{"@type":"Person","@id":"https:\/\/www.riyadelcadi.com\/de\/#\/schema\/person\/6501a3f629db18435c5292b8ba5e348d","name":"Julia Bartels","sameAs":["http:\/\/www.riyadelcadi.com"],"url":"https:\/\/www.riyadelcadi.com\/de\/author\/jeuc762xhuzc99\/"}]}},"_links":{"self":[{"href":"https:\/\/www.riyadelcadi.com\/de\/wp-json\/wp\/v2\/posts\/18998"}],"collection":[{"href":"https:\/\/www.riyadelcadi.com\/de\/wp-json\/wp\/v2\/posts"}],"about":[{"href":"https:\/\/www.riyadelcadi.com\/de\/wp-json\/wp\/v2\/types\/post"}],"author":[{"embeddable":true,"href":"https:\/\/www.riyadelcadi.com\/de\/wp-json\/wp\/v2\/users\/4"}],"replies":[{"embeddable":true,"href":"https:\/\/www.riyadelcadi.com\/de\/wp-json\/wp\/v2\/comments?post=18998"}],"version-history":[{"count":0,"href":"https:\/\/www.riyadelcadi.com\/de\/wp-json\/wp\/v2\/posts\/18998\/revisions"}],"wp:featuredmedia":[{"embeddable":true,"href":"https:\/\/www.riyadelcadi.com\/de\/wp-json\/wp\/v2\/media\/11006"}],"wp:attachment":[{"href":"https:\/\/www.riyadelcadi.com\/de\/wp-json\/wp\/v2\/media?parent=18998"}],"wp:term":[{"taxonomy":"category","embeddable":true,"href":"https:\/\/www.riyadelcadi.com\/de\/wp-json\/wp\/v2\/categories?post=18998"},{"taxonomy":"post_tag","embeddable":true,"href":"https:\/\/www.riyadelcadi.com\/de\/wp-json\/wp\/v2\/tags?post=18998"}],"curies":[{"name":"wp","href":"https:\/\/api.w.org\/{rel}","templated":true}]}}