{"id":18973,"date":"2012-09-18T18:36:33","date_gmt":"2012-09-18T16:36:33","guid":{"rendered":"http:\/\/www.riyadelcadi.com\/de\/2012\/09\/wie-weit-reicht-in-marokko-der-versicherungsschutz-aus-der-gesetzlichen-krankenversicherung\/"},"modified":"2017-10-27T15:03:34","modified_gmt":"2017-10-27T13:03:34","slug":"wie-weit-reicht-in-marokko-der-versicherungsschutz-aus-der-gesetzlichen-krankenversicherung","status":"publish","type":"post","link":"https:\/\/www.riyadelcadi.com\/de\/wie-weit-reicht-in-marokko-der-versicherungsschutz-aus-der-gesetzlichen-krankenversicherung\/","title":{"rendered":"Reichweite des Versicherungsschutz der Krankenversicherung in Marokko?"},"content":{"rendered":"<p>Nach einer j\u00fcngsten Entscheidung des Bundessozialgerichts in Kassel k\u00f6nnen wir f\u00fcr den<strong> <a title=\"Urlaub in Marrakesch\" href=\"https:\/\/www.riyadelcadi.com\/de\/marrakesch\/\">Urlaub in Marrakesch<\/a> <\/strong>und <strong>Marokko<\/strong> nur dazu raten, eine <strong>Zusatzversicherung zur gesetzlichen Krankenversicherung<\/strong> und die Behandlungsberechtigung im Gep\u00e4ck zu haben:<!--more--><\/p>\n<h2>Das <strong>Bundessozialgericht<\/strong> best\u00e4tigte k\u00fcrzlich (Az.: <a title=\"BSG, anh\u00e4ngiges Verfahren - B 1 KR 21\/11 R\" href=\"http:\/\/dejure.org\/dienste\/vernetzung\/rechtsprechung?Text=B%201%20KR%2021\/11%20R\">B 1 KR 21\/11 R<\/a>), dass die Krankenkassen nach den bilateralen Sozialversicherungsabkommen nur jene medizinische Leistungen erstatten m\u00fcssen, die auch einheimische Versicherte aus ihrer Krankenversicherung beanspruchen k\u00f6nnen.<\/h2>\n<p>Ein Berliner scheiterte daher mit seiner Klage gegen seine Krankenversicherung auf \u00dcbernahme seiner gesamten Krankenhauskosten. Er war mit einem Sch\u00e4del-Hirn-Trauma in eine private Klinik in Tunis eingeliefert worden. Da ein Tunesier kein Anspruch auf Behandlung in einer Privatklinik hat, erhielt der Berliner statt der knapp 8.800 EUR nur etwa die H\u00e4lfte erstattet. Dies gelte auch dann, wenn der Versicherte bewu\u00dftlos in die Privatklinik eingeliefert worden sei und keine M\u00f6glichkeit der Einflu\u00dfnahme auf die Klinikwahl gehabt h\u00e4tte. F\u00fcr Marokko gelten \u00e4hnliche Bedingungen: auch ein <strong>Marokkaner<\/strong> steht aus seiner <strong>Krankenversicherung<\/strong> nicht die Inanspruchnahme der Leistungen eines privaten Krankenhauses zu.<\/p>\n<p>Ratsam ist daher eine private <strong>Auslandszusatzkrankenversicherung<\/strong>.<\/p>\n<h2>Der Verband der gesetzlichen Krankenkassen au\u00dferdem, die Kassenbescheinigung \u00fcber die Behandlungsberechtigung bei einem Auslandsaufenthalt mitzunehmen.<\/h2>\n<p>Zwar d\u00fcrfe die Behandlung nicht verweigert werden, wenn die Berechtigung fehlt. Aber\u00a0immer wieder w\u00fcrden ausl\u00e4ndische Kliniken bei einem nicht sofort vorgelegten Nachweis mit dem Versicherten privat abrechnen. Die dabei entstehenden Zusatzkosten m\u00fcsse die gesetzliche Krankenversicherung aber nicht zahlen.<\/p>\n<p>&nbsp;<\/p>\n","protected":false},"excerpt":{"rendered":"<p>Nach einer j\u00fcngsten Entscheidung des Bundessozialgerichts in Kassel k\u00f6nnen wir f\u00fcr den Urlaub in Marrakesch und Marokko nur dazu raten, eine Zusatzversicherung zur gesetzlichen Krankenversicherung und die Behandlungsberechtigung im Gep\u00e4ck zu haben:<\/p>\n","protected":false},"author":4,"featured_media":15640,"comment_status":"closed","ping_status":"open","sticky":false,"template":"","format":"standard","meta":{"footnotes":""},"categories":[95,3],"tags":[],"yoast_head":"<!-- This site is optimized with the Yoast SEO plugin v24.5 - https:\/\/yoast.com\/wordpress\/plugins\/seo\/ -->\n<title>Reichweite des Versicherungsschutz der Krankenversicherung in Marokko? - Riyad El Cadi<\/title>\n<meta name=\"robots\" content=\"index, follow, max-snippet:-1, max-image-preview:large, max-video-preview:-1\" \/>\n<link rel=\"canonical\" href=\"https:\/\/www.riyadelcadi.com\/de\/wie-weit-reicht-in-marokko-der-versicherungsschutz-aus-der-gesetzlichen-krankenversicherung\/\" \/>\n<meta property=\"og:locale\" content=\"de_DE\" \/>\n<meta property=\"og:type\" content=\"article\" \/>\n<meta property=\"og:title\" content=\"Reichweite des Versicherungsschutz der Krankenversicherung in Marokko? - Riyad El Cadi\" \/>\n<meta property=\"og:description\" content=\"Nach einer j\u00fcngsten Entscheidung des Bundessozialgerichts in Kassel k\u00f6nnen wir f\u00fcr den Urlaub in Marrakesch und Marokko nur dazu raten, eine Zusatzversicherung zur gesetzlichen Krankenversicherung und die Behandlungsberechtigung im Gep\u00e4ck zu haben:\" \/>\n<meta property=\"og:url\" content=\"https:\/\/www.riyadelcadi.com\/de\/wie-weit-reicht-in-marokko-der-versicherungsschutz-aus-der-gesetzlichen-krankenversicherung\/\" \/>\n<meta property=\"og:site_name\" content=\"Riyad El Cadi\" \/>\n<meta property=\"article:publisher\" content=\"https:\/\/www.facebook.com\/RiyadElCadi\/\" \/>\n<meta property=\"article:published_time\" content=\"2012-09-18T16:36:33+00:00\" \/>\n<meta property=\"article:modified_time\" content=\"2017-10-27T13:03:34+00:00\" \/>\n<meta property=\"og:image\" content=\"https:\/\/www.riyadelcadi.com\/wp-content\/uploads\/2012\/09\/Berber-Apotheke1.jpg\" \/>\n\t<meta property=\"og:image:width\" content=\"420\" \/>\n\t<meta property=\"og:image:height\" content=\"420\" \/>\n\t<meta property=\"og:image:type\" content=\"image\/jpeg\" \/>\n<meta name=\"author\" content=\"Julia Bartels\" \/>\n<meta name=\"twitter:card\" content=\"summary_large_image\" \/>\n<meta name=\"twitter:label1\" content=\"Verfasst von\" \/>\n\t<meta name=\"twitter:data1\" content=\"Julia Bartels\" \/>\n\t<meta name=\"twitter:label2\" content=\"Gesch\u00e4tzte Lesezeit\" \/>\n\t<meta name=\"twitter:data2\" content=\"1\u00a0Minute\" \/>\n<script type=\"application\/ld+json\" class=\"yoast-schema-graph\">{\"@context\":\"https:\/\/schema.org\",\"@graph\":[{\"@type\":\"WebPage\",\"@id\":\"https:\/\/www.riyadelcadi.com\/de\/wie-weit-reicht-in-marokko-der-versicherungsschutz-aus-der-gesetzlichen-krankenversicherung\/\",\"url\":\"https:\/\/www.riyadelcadi.com\/de\/wie-weit-reicht-in-marokko-der-versicherungsschutz-aus-der-gesetzlichen-krankenversicherung\/\",\"name\":\"Reichweite des Versicherungsschutz der Krankenversicherung in Marokko? - Riyad El Cadi\",\"isPartOf\":{\"@id\":\"https:\/\/www.riyadelcadi.com\/de\/#website\"},\"primaryImageOfPage\":{\"@id\":\"https:\/\/www.riyadelcadi.com\/de\/wie-weit-reicht-in-marokko-der-versicherungsschutz-aus-der-gesetzlichen-krankenversicherung\/#primaryimage\"},\"image\":{\"@id\":\"https:\/\/www.riyadelcadi.com\/de\/wie-weit-reicht-in-marokko-der-versicherungsschutz-aus-der-gesetzlichen-krankenversicherung\/#primaryimage\"},\"thumbnailUrl\":\"https:\/\/www.riyadelcadi.com\/wp-content\/uploads\/2012\/09\/Berber-Apotheke1.jpg\",\"datePublished\":\"2012-09-18T16:36:33+00:00\",\"dateModified\":\"2017-10-27T13:03:34+00:00\",\"author\":{\"@id\":\"https:\/\/www.riyadelcadi.com\/de\/#\/schema\/person\/6501a3f629db18435c5292b8ba5e348d\"},\"breadcrumb\":{\"@id\":\"https:\/\/www.riyadelcadi.com\/de\/wie-weit-reicht-in-marokko-der-versicherungsschutz-aus-der-gesetzlichen-krankenversicherung\/#breadcrumb\"},\"inLanguage\":\"de\",\"potentialAction\":[{\"@type\":\"ReadAction\",\"target\":[\"https:\/\/www.riyadelcadi.com\/de\/wie-weit-reicht-in-marokko-der-versicherungsschutz-aus-der-gesetzlichen-krankenversicherung\/\"]}]},{\"@type\":\"ImageObject\",\"inLanguage\":\"de\",\"@id\":\"https:\/\/www.riyadelcadi.com\/de\/wie-weit-reicht-in-marokko-der-versicherungsschutz-aus-der-gesetzlichen-krankenversicherung\/#primaryimage\",\"url\":\"https:\/\/www.riyadelcadi.com\/wp-content\/uploads\/2012\/09\/Berber-Apotheke1.jpg\",\"contentUrl\":\"https:\/\/www.riyadelcadi.com\/wp-content\/uploads\/2012\/09\/Berber-Apotheke1.jpg\",\"width\":420,\"height\":420},{\"@type\":\"BreadcrumbList\",\"@id\":\"https:\/\/www.riyadelcadi.com\/de\/wie-weit-reicht-in-marokko-der-versicherungsschutz-aus-der-gesetzlichen-krankenversicherung\/#breadcrumb\",\"itemListElement\":[{\"@type\":\"ListItem\",\"position\":1,\"name\":\"Startseite\",\"item\":\"https:\/\/www.riyadelcadi.com\/de\/\"},{\"@type\":\"ListItem\",\"position\":2,\"name\":\"Reichweite des Versicherungsschutz der Krankenversicherung in Marokko?\"}]},{\"@type\":\"WebSite\",\"@id\":\"https:\/\/www.riyadelcadi.com\/de\/#website\",\"url\":\"https:\/\/www.riyadelcadi.com\/de\/\",\"name\":\"Riyad El Cadi\",\"description\":\"Riad mit Stil in Marrakesch\",\"potentialAction\":[{\"@type\":\"SearchAction\",\"target\":{\"@type\":\"EntryPoint\",\"urlTemplate\":\"https:\/\/www.riyadelcadi.com\/de\/?s={search_term_string}\"},\"query-input\":{\"@type\":\"PropertyValueSpecification\",\"valueRequired\":true,\"valueName\":\"search_term_string\"}}],\"inLanguage\":\"de\"},{\"@type\":\"Person\",\"@id\":\"https:\/\/www.riyadelcadi.com\/de\/#\/schema\/person\/6501a3f629db18435c5292b8ba5e348d\",\"name\":\"Julia Bartels\",\"sameAs\":[\"http:\/\/www.riyadelcadi.com\"],\"url\":\"https:\/\/www.riyadelcadi.com\/de\/author\/jeuc762xhuzc99\/\"}]}<\/script>\n<!-- \/ Yoast SEO plugin. -->","yoast_head_json":{"title":"Reichweite des Versicherungsschutz der Krankenversicherung in Marokko? - Riyad El Cadi","robots":{"index":"index","follow":"follow","max-snippet":"max-snippet:-1","max-image-preview":"max-image-preview:large","max-video-preview":"max-video-preview:-1"},"canonical":"https:\/\/www.riyadelcadi.com\/de\/wie-weit-reicht-in-marokko-der-versicherungsschutz-aus-der-gesetzlichen-krankenversicherung\/","og_locale":"de_DE","og_type":"article","og_title":"Reichweite des Versicherungsschutz der Krankenversicherung in Marokko? - Riyad El Cadi","og_description":"Nach einer j\u00fcngsten Entscheidung des Bundessozialgerichts in Kassel k\u00f6nnen wir f\u00fcr den Urlaub in Marrakesch und Marokko nur dazu raten, eine Zusatzversicherung zur gesetzlichen Krankenversicherung und die Behandlungsberechtigung im Gep\u00e4ck zu haben:","og_url":"https:\/\/www.riyadelcadi.com\/de\/wie-weit-reicht-in-marokko-der-versicherungsschutz-aus-der-gesetzlichen-krankenversicherung\/","og_site_name":"Riyad El Cadi","article_publisher":"https:\/\/www.facebook.com\/RiyadElCadi\/","article_published_time":"2012-09-18T16:36:33+00:00","article_modified_time":"2017-10-27T13:03:34+00:00","og_image":[{"width":420,"height":420,"url":"https:\/\/www.riyadelcadi.com\/wp-content\/uploads\/2012\/09\/Berber-Apotheke1.jpg","type":"image\/jpeg"}],"author":"Julia Bartels","twitter_card":"summary_large_image","twitter_misc":{"Verfasst von":"Julia Bartels","Gesch\u00e4tzte Lesezeit":"1\u00a0Minute"},"schema":{"@context":"https:\/\/schema.org","@graph":[{"@type":"WebPage","@id":"https:\/\/www.riyadelcadi.com\/de\/wie-weit-reicht-in-marokko-der-versicherungsschutz-aus-der-gesetzlichen-krankenversicherung\/","url":"https:\/\/www.riyadelcadi.com\/de\/wie-weit-reicht-in-marokko-der-versicherungsschutz-aus-der-gesetzlichen-krankenversicherung\/","name":"Reichweite des Versicherungsschutz der Krankenversicherung in Marokko? - Riyad El Cadi","isPartOf":{"@id":"https:\/\/www.riyadelcadi.com\/de\/#website"},"primaryImageOfPage":{"@id":"https:\/\/www.riyadelcadi.com\/de\/wie-weit-reicht-in-marokko-der-versicherungsschutz-aus-der-gesetzlichen-krankenversicherung\/#primaryimage"},"image":{"@id":"https:\/\/www.riyadelcadi.com\/de\/wie-weit-reicht-in-marokko-der-versicherungsschutz-aus-der-gesetzlichen-krankenversicherung\/#primaryimage"},"thumbnailUrl":"https:\/\/www.riyadelcadi.com\/wp-content\/uploads\/2012\/09\/Berber-Apotheke1.jpg","datePublished":"2012-09-18T16:36:33+00:00","dateModified":"2017-10-27T13:03:34+00:00","author":{"@id":"https:\/\/www.riyadelcadi.com\/de\/#\/schema\/person\/6501a3f629db18435c5292b8ba5e348d"},"breadcrumb":{"@id":"https:\/\/www.riyadelcadi.com\/de\/wie-weit-reicht-in-marokko-der-versicherungsschutz-aus-der-gesetzlichen-krankenversicherung\/#breadcrumb"},"inLanguage":"de","potentialAction":[{"@type":"ReadAction","target":["https:\/\/www.riyadelcadi.com\/de\/wie-weit-reicht-in-marokko-der-versicherungsschutz-aus-der-gesetzlichen-krankenversicherung\/"]}]},{"@type":"ImageObject","inLanguage":"de","@id":"https:\/\/www.riyadelcadi.com\/de\/wie-weit-reicht-in-marokko-der-versicherungsschutz-aus-der-gesetzlichen-krankenversicherung\/#primaryimage","url":"https:\/\/www.riyadelcadi.com\/wp-content\/uploads\/2012\/09\/Berber-Apotheke1.jpg","contentUrl":"https:\/\/www.riyadelcadi.com\/wp-content\/uploads\/2012\/09\/Berber-Apotheke1.jpg","width":420,"height":420},{"@type":"BreadcrumbList","@id":"https:\/\/www.riyadelcadi.com\/de\/wie-weit-reicht-in-marokko-der-versicherungsschutz-aus-der-gesetzlichen-krankenversicherung\/#breadcrumb","itemListElement":[{"@type":"ListItem","position":1,"name":"Startseite","item":"https:\/\/www.riyadelcadi.com\/de\/"},{"@type":"ListItem","position":2,"name":"Reichweite des Versicherungsschutz der Krankenversicherung in Marokko?"}]},{"@type":"WebSite","@id":"https:\/\/www.riyadelcadi.com\/de\/#website","url":"https:\/\/www.riyadelcadi.com\/de\/","name":"Riyad El Cadi","description":"Riad mit Stil in Marrakesch","potentialAction":[{"@type":"SearchAction","target":{"@type":"EntryPoint","urlTemplate":"https:\/\/www.riyadelcadi.com\/de\/?s={search_term_string}"},"query-input":{"@type":"PropertyValueSpecification","valueRequired":true,"valueName":"search_term_string"}}],"inLanguage":"de"},{"@type":"Person","@id":"https:\/\/www.riyadelcadi.com\/de\/#\/schema\/person\/6501a3f629db18435c5292b8ba5e348d","name":"Julia Bartels","sameAs":["http:\/\/www.riyadelcadi.com"],"url":"https:\/\/www.riyadelcadi.com\/de\/author\/jeuc762xhuzc99\/"}]}},"_links":{"self":[{"href":"https:\/\/www.riyadelcadi.com\/de\/wp-json\/wp\/v2\/posts\/18973"}],"collection":[{"href":"https:\/\/www.riyadelcadi.com\/de\/wp-json\/wp\/v2\/posts"}],"about":[{"href":"https:\/\/www.riyadelcadi.com\/de\/wp-json\/wp\/v2\/types\/post"}],"author":[{"embeddable":true,"href":"https:\/\/www.riyadelcadi.com\/de\/wp-json\/wp\/v2\/users\/4"}],"replies":[{"embeddable":true,"href":"https:\/\/www.riyadelcadi.com\/de\/wp-json\/wp\/v2\/comments?post=18973"}],"version-history":[{"count":0,"href":"https:\/\/www.riyadelcadi.com\/de\/wp-json\/wp\/v2\/posts\/18973\/revisions"}],"wp:featuredmedia":[{"embeddable":true,"href":"https:\/\/www.riyadelcadi.com\/de\/wp-json\/wp\/v2\/media\/15640"}],"wp:attachment":[{"href":"https:\/\/www.riyadelcadi.com\/de\/wp-json\/wp\/v2\/media?parent=18973"}],"wp:term":[{"taxonomy":"category","embeddable":true,"href":"https:\/\/www.riyadelcadi.com\/de\/wp-json\/wp\/v2\/categories?post=18973"},{"taxonomy":"post_tag","embeddable":true,"href":"https:\/\/www.riyadelcadi.com\/de\/wp-json\/wp\/v2\/tags?post=18973"}],"curies":[{"name":"wp","href":"https:\/\/api.w.org\/{rel}","templated":true}]}}