{"id":18444,"date":"2014-08-21T16:09:32","date_gmt":"2014-08-21T14:09:32","guid":{"rendered":"http:\/\/www.riyadelcadi.com\/2014\/08\/neue-winterfluege-nach-marrakech-von-deutschland-und-oesterreich\/?lang=de"},"modified":"2016-09-28T16:45:25","modified_gmt":"2016-09-28T14:45:25","slug":"neue-winterfluege-nach-marrakech-von-deutschland-und-oesterreich","status":"publish","type":"post","link":"https:\/\/www.riyadelcadi.com\/de\/neue-winterfluege-nach-marrakech-von-deutschland-und-oesterreich\/","title":{"rendered":"Neue Fl\u00fcge von Deutschland und \u00d6sterreich"},"content":{"rendered":"<h2>Wir freuen uns \u00fcber neue Flugverbindungen von Deutschland und \u00d6sterreich nach Marrakech ab November 2014:<\/h2>\n<p><strong>Hamburg<\/strong>: \u00a0dienstags und donnerstags um 6.00 Uhr ab Hamburg, Ankunft in \u00a0<strong>Marrakesch<\/strong> um 9.30 Uhr. Der R\u00fcckflug startet um 10.15 Uhr in Marrakech, Ankunft in Hambrug 15.30 Uhr.<\/p>\n<p><strong>D\u00fcsseldorf<\/strong>: airberlin startet am 03.11.2014 Nonstop-Fl\u00fcge nach <strong>Marrakesch<\/strong> zwei Mal pro Woche jeweils montags und freitags.<\/p>\n<p>Anschlussfl\u00fcge gibt es aus Berlin, Hamburg, M\u00fcnchen, Stuttgart, Wien und Z\u00fcrich.\u00a0Dar\u00fcber hinaus bietet airberlin ebenfalls ab der Wintersaison einen zus\u00e4tzlichen Flug pro Woche ab D\u00fcsseldorf nach <strong>Agadir<\/strong> an.<\/p>\n<p><strong>Wien<\/strong>:\u00a0Nach <strong>Marrakesch<\/strong> fliegt <strong>NIKI<\/strong> immer am Mittwoch um 20.00 Uhr und landet um 22.55 Uhr in der K\u00f6nigsstadt. Zur\u00fcck geht es um 00.55 Uhr am Donnerstag mit Landung in Wien um 05.50 Uhr.<\/p>\n<p>Alternativ &#8211; zeitlich auch angenehmer &#8211; ginge eine Reise \u00fcber <strong>Agadir<\/strong>:\u00a0Der NIKI Flug nach Agadir hebt jeden Montag um 08.25 Uhr in Wien ab und landet um 11.30 Uhr in der marokkanischen Stadt. Der R\u00fcckflug startet in Agadir um 12.10 Uhr und landet um 17.15 Uhr wieder in Wien. Am Mittwoch startet der Flug nach Agadir um 20.00 Uhr in Wien und landet um 23:05 in der marokkanischen K\u00fcstenstadt. Zur\u00fcck geht es um 00:45 Uhr mit Ankunft in Wien um 05:50 Uhr.<\/p>\n<p>&nbsp;<\/p>\n","protected":false},"excerpt":{"rendered":"<p>Wir freuen uns \u00fcber neue Flugverbindungen von Deutschland und \u00d6sterreich nach Marrakech ab November 2014: Hamburg: \u00a0dienstags und donnerstags um 6.00 Uhr ab Hamburg, Ankunft in \u00a0Marrakesch um 9.30 Uhr. Der R\u00fcckflug startet um 10.15 Uhr in Marrakech, Ankunft in Hambrug 15.30 Uhr. D\u00fcsseldorf: airberlin startet am 03.11.2014 Nonstop-Fl\u00fcge nach Marrakesch zwei Mal pro Woche [&hellip;]<\/p>\n","protected":false},"author":4,"featured_media":15594,"comment_status":"closed","ping_status":"open","sticky":false,"template":"","format":"standard","meta":{"footnotes":""},"categories":[98],"tags":[],"yoast_head":"<!-- This site is optimized with the Yoast SEO plugin v24.5 - https:\/\/yoast.com\/wordpress\/plugins\/seo\/ -->\n<title>Neue Fl\u00fcge von Deutschland und \u00d6sterreich - Riyad El Cadi<\/title>\n<meta name=\"robots\" content=\"index, follow, max-snippet:-1, max-image-preview:large, max-video-preview:-1\" \/>\n<link rel=\"canonical\" href=\"https:\/\/www.riyadelcadi.com\/de\/neue-winterfluege-nach-marrakech-von-deutschland-und-oesterreich\/\" \/>\n<meta property=\"og:locale\" content=\"de_DE\" \/>\n<meta property=\"og:type\" content=\"article\" \/>\n<meta property=\"og:title\" content=\"Neue Fl\u00fcge von Deutschland und \u00d6sterreich - Riyad El Cadi\" \/>\n<meta property=\"og:description\" content=\"Wir freuen uns \u00fcber neue Flugverbindungen von Deutschland und \u00d6sterreich nach Marrakech ab November 2014: Hamburg: \u00a0dienstags und donnerstags um 6.00 Uhr ab Hamburg, Ankunft in \u00a0Marrakesch um 9.30 Uhr. Der R\u00fcckflug startet um 10.15 Uhr in Marrakech, Ankunft in Hambrug 15.30 Uhr. D\u00fcsseldorf: airberlin startet am 03.11.2014 Nonstop-Fl\u00fcge nach Marrakesch zwei Mal pro Woche [&hellip;]\" \/>\n<meta property=\"og:url\" content=\"https:\/\/www.riyadelcadi.com\/de\/neue-winterfluege-nach-marrakech-von-deutschland-und-oesterreich\/\" \/>\n<meta property=\"og:site_name\" content=\"Riyad El Cadi\" \/>\n<meta property=\"article:publisher\" content=\"https:\/\/www.facebook.com\/RiyadElCadi\/\" \/>\n<meta property=\"article:published_time\" content=\"2014-08-21T14:09:32+00:00\" \/>\n<meta property=\"article:modified_time\" content=\"2016-09-28T14:45:25+00:00\" \/>\n<meta property=\"og:image\" content=\"https:\/\/www.riyadelcadi.com\/wp-content\/uploads\/2012\/08\/Airplane.jpg\" \/>\n\t<meta property=\"og:image:width\" content=\"499\" \/>\n\t<meta property=\"og:image:height\" content=\"423\" \/>\n\t<meta property=\"og:image:type\" content=\"image\/jpeg\" \/>\n<meta name=\"author\" content=\"Julia Bartels\" \/>\n<meta name=\"twitter:card\" content=\"summary_large_image\" \/>\n<meta name=\"twitter:label1\" content=\"Verfasst von\" \/>\n\t<meta name=\"twitter:data1\" content=\"Julia Bartels\" \/>\n\t<meta name=\"twitter:label2\" content=\"Gesch\u00e4tzte Lesezeit\" \/>\n\t<meta name=\"twitter:data2\" content=\"1\u00a0Minute\" \/>\n<script type=\"application\/ld+json\" class=\"yoast-schema-graph\">{\"@context\":\"https:\/\/schema.org\",\"@graph\":[{\"@type\":\"WebPage\",\"@id\":\"https:\/\/www.riyadelcadi.com\/de\/neue-winterfluege-nach-marrakech-von-deutschland-und-oesterreich\/\",\"url\":\"https:\/\/www.riyadelcadi.com\/de\/neue-winterfluege-nach-marrakech-von-deutschland-und-oesterreich\/\",\"name\":\"Neue Fl\u00fcge von Deutschland und \u00d6sterreich - Riyad El Cadi\",\"isPartOf\":{\"@id\":\"https:\/\/www.riyadelcadi.com\/de\/#website\"},\"primaryImageOfPage\":{\"@id\":\"https:\/\/www.riyadelcadi.com\/de\/neue-winterfluege-nach-marrakech-von-deutschland-und-oesterreich\/#primaryimage\"},\"image\":{\"@id\":\"https:\/\/www.riyadelcadi.com\/de\/neue-winterfluege-nach-marrakech-von-deutschland-und-oesterreich\/#primaryimage\"},\"thumbnailUrl\":\"https:\/\/www.riyadelcadi.com\/wp-content\/uploads\/2012\/08\/Airplane.jpg\",\"datePublished\":\"2014-08-21T14:09:32+00:00\",\"dateModified\":\"2016-09-28T14:45:25+00:00\",\"author\":{\"@id\":\"https:\/\/www.riyadelcadi.com\/de\/#\/schema\/person\/6501a3f629db18435c5292b8ba5e348d\"},\"breadcrumb\":{\"@id\":\"https:\/\/www.riyadelcadi.com\/de\/neue-winterfluege-nach-marrakech-von-deutschland-und-oesterreich\/#breadcrumb\"},\"inLanguage\":\"de\",\"potentialAction\":[{\"@type\":\"ReadAction\",\"target\":[\"https:\/\/www.riyadelcadi.com\/de\/neue-winterfluege-nach-marrakech-von-deutschland-und-oesterreich\/\"]}]},{\"@type\":\"ImageObject\",\"inLanguage\":\"de\",\"@id\":\"https:\/\/www.riyadelcadi.com\/de\/neue-winterfluege-nach-marrakech-von-deutschland-und-oesterreich\/#primaryimage\",\"url\":\"https:\/\/www.riyadelcadi.com\/wp-content\/uploads\/2012\/08\/Airplane.jpg\",\"contentUrl\":\"https:\/\/www.riyadelcadi.com\/wp-content\/uploads\/2012\/08\/Airplane.jpg\",\"width\":499,\"height\":423},{\"@type\":\"BreadcrumbList\",\"@id\":\"https:\/\/www.riyadelcadi.com\/de\/neue-winterfluege-nach-marrakech-von-deutschland-und-oesterreich\/#breadcrumb\",\"itemListElement\":[{\"@type\":\"ListItem\",\"position\":1,\"name\":\"Startseite\",\"item\":\"https:\/\/www.riyadelcadi.com\/de\/\"},{\"@type\":\"ListItem\",\"position\":2,\"name\":\"Neue Fl\u00fcge von Deutschland und \u00d6sterreich\"}]},{\"@type\":\"WebSite\",\"@id\":\"https:\/\/www.riyadelcadi.com\/de\/#website\",\"url\":\"https:\/\/www.riyadelcadi.com\/de\/\",\"name\":\"Riyad El Cadi\",\"description\":\"Riad mit Stil in Marrakesch\",\"potentialAction\":[{\"@type\":\"SearchAction\",\"target\":{\"@type\":\"EntryPoint\",\"urlTemplate\":\"https:\/\/www.riyadelcadi.com\/de\/?s={search_term_string}\"},\"query-input\":{\"@type\":\"PropertyValueSpecification\",\"valueRequired\":true,\"valueName\":\"search_term_string\"}}],\"inLanguage\":\"de\"},{\"@type\":\"Person\",\"@id\":\"https:\/\/www.riyadelcadi.com\/de\/#\/schema\/person\/6501a3f629db18435c5292b8ba5e348d\",\"name\":\"Julia Bartels\",\"sameAs\":[\"http:\/\/www.riyadelcadi.com\"],\"url\":\"https:\/\/www.riyadelcadi.com\/de\/author\/jeuc762xhuzc99\/\"}]}<\/script>\n<!-- \/ Yoast SEO plugin. -->","yoast_head_json":{"title":"Neue Fl\u00fcge von Deutschland und \u00d6sterreich - Riyad El Cadi","robots":{"index":"index","follow":"follow","max-snippet":"max-snippet:-1","max-image-preview":"max-image-preview:large","max-video-preview":"max-video-preview:-1"},"canonical":"https:\/\/www.riyadelcadi.com\/de\/neue-winterfluege-nach-marrakech-von-deutschland-und-oesterreich\/","og_locale":"de_DE","og_type":"article","og_title":"Neue Fl\u00fcge von Deutschland und \u00d6sterreich - Riyad El Cadi","og_description":"Wir freuen uns \u00fcber neue Flugverbindungen von Deutschland und \u00d6sterreich nach Marrakech ab November 2014: Hamburg: \u00a0dienstags und donnerstags um 6.00 Uhr ab Hamburg, Ankunft in \u00a0Marrakesch um 9.30 Uhr. Der R\u00fcckflug startet um 10.15 Uhr in Marrakech, Ankunft in Hambrug 15.30 Uhr. D\u00fcsseldorf: airberlin startet am 03.11.2014 Nonstop-Fl\u00fcge nach Marrakesch zwei Mal pro Woche [&hellip;]","og_url":"https:\/\/www.riyadelcadi.com\/de\/neue-winterfluege-nach-marrakech-von-deutschland-und-oesterreich\/","og_site_name":"Riyad El Cadi","article_publisher":"https:\/\/www.facebook.com\/RiyadElCadi\/","article_published_time":"2014-08-21T14:09:32+00:00","article_modified_time":"2016-09-28T14:45:25+00:00","og_image":[{"width":499,"height":423,"url":"https:\/\/www.riyadelcadi.com\/wp-content\/uploads\/2012\/08\/Airplane.jpg","type":"image\/jpeg"}],"author":"Julia Bartels","twitter_card":"summary_large_image","twitter_misc":{"Verfasst von":"Julia Bartels","Gesch\u00e4tzte Lesezeit":"1\u00a0Minute"},"schema":{"@context":"https:\/\/schema.org","@graph":[{"@type":"WebPage","@id":"https:\/\/www.riyadelcadi.com\/de\/neue-winterfluege-nach-marrakech-von-deutschland-und-oesterreich\/","url":"https:\/\/www.riyadelcadi.com\/de\/neue-winterfluege-nach-marrakech-von-deutschland-und-oesterreich\/","name":"Neue Fl\u00fcge von Deutschland und \u00d6sterreich - Riyad El Cadi","isPartOf":{"@id":"https:\/\/www.riyadelcadi.com\/de\/#website"},"primaryImageOfPage":{"@id":"https:\/\/www.riyadelcadi.com\/de\/neue-winterfluege-nach-marrakech-von-deutschland-und-oesterreich\/#primaryimage"},"image":{"@id":"https:\/\/www.riyadelcadi.com\/de\/neue-winterfluege-nach-marrakech-von-deutschland-und-oesterreich\/#primaryimage"},"thumbnailUrl":"https:\/\/www.riyadelcadi.com\/wp-content\/uploads\/2012\/08\/Airplane.jpg","datePublished":"2014-08-21T14:09:32+00:00","dateModified":"2016-09-28T14:45:25+00:00","author":{"@id":"https:\/\/www.riyadelcadi.com\/de\/#\/schema\/person\/6501a3f629db18435c5292b8ba5e348d"},"breadcrumb":{"@id":"https:\/\/www.riyadelcadi.com\/de\/neue-winterfluege-nach-marrakech-von-deutschland-und-oesterreich\/#breadcrumb"},"inLanguage":"de","potentialAction":[{"@type":"ReadAction","target":["https:\/\/www.riyadelcadi.com\/de\/neue-winterfluege-nach-marrakech-von-deutschland-und-oesterreich\/"]}]},{"@type":"ImageObject","inLanguage":"de","@id":"https:\/\/www.riyadelcadi.com\/de\/neue-winterfluege-nach-marrakech-von-deutschland-und-oesterreich\/#primaryimage","url":"https:\/\/www.riyadelcadi.com\/wp-content\/uploads\/2012\/08\/Airplane.jpg","contentUrl":"https:\/\/www.riyadelcadi.com\/wp-content\/uploads\/2012\/08\/Airplane.jpg","width":499,"height":423},{"@type":"BreadcrumbList","@id":"https:\/\/www.riyadelcadi.com\/de\/neue-winterfluege-nach-marrakech-von-deutschland-und-oesterreich\/#breadcrumb","itemListElement":[{"@type":"ListItem","position":1,"name":"Startseite","item":"https:\/\/www.riyadelcadi.com\/de\/"},{"@type":"ListItem","position":2,"name":"Neue Fl\u00fcge von Deutschland und \u00d6sterreich"}]},{"@type":"WebSite","@id":"https:\/\/www.riyadelcadi.com\/de\/#website","url":"https:\/\/www.riyadelcadi.com\/de\/","name":"Riyad El Cadi","description":"Riad mit Stil in Marrakesch","potentialAction":[{"@type":"SearchAction","target":{"@type":"EntryPoint","urlTemplate":"https:\/\/www.riyadelcadi.com\/de\/?s={search_term_string}"},"query-input":{"@type":"PropertyValueSpecification","valueRequired":true,"valueName":"search_term_string"}}],"inLanguage":"de"},{"@type":"Person","@id":"https:\/\/www.riyadelcadi.com\/de\/#\/schema\/person\/6501a3f629db18435c5292b8ba5e348d","name":"Julia Bartels","sameAs":["http:\/\/www.riyadelcadi.com"],"url":"https:\/\/www.riyadelcadi.com\/de\/author\/jeuc762xhuzc99\/"}]}},"_links":{"self":[{"href":"https:\/\/www.riyadelcadi.com\/de\/wp-json\/wp\/v2\/posts\/18444"}],"collection":[{"href":"https:\/\/www.riyadelcadi.com\/de\/wp-json\/wp\/v2\/posts"}],"about":[{"href":"https:\/\/www.riyadelcadi.com\/de\/wp-json\/wp\/v2\/types\/post"}],"author":[{"embeddable":true,"href":"https:\/\/www.riyadelcadi.com\/de\/wp-json\/wp\/v2\/users\/4"}],"replies":[{"embeddable":true,"href":"https:\/\/www.riyadelcadi.com\/de\/wp-json\/wp\/v2\/comments?post=18444"}],"version-history":[{"count":0,"href":"https:\/\/www.riyadelcadi.com\/de\/wp-json\/wp\/v2\/posts\/18444\/revisions"}],"wp:featuredmedia":[{"embeddable":true,"href":"https:\/\/www.riyadelcadi.com\/de\/wp-json\/wp\/v2\/media\/15594"}],"wp:attachment":[{"href":"https:\/\/www.riyadelcadi.com\/de\/wp-json\/wp\/v2\/media?parent=18444"}],"wp:term":[{"taxonomy":"category","embeddable":true,"href":"https:\/\/www.riyadelcadi.com\/de\/wp-json\/wp\/v2\/categories?post=18444"},{"taxonomy":"post_tag","embeddable":true,"href":"https:\/\/www.riyadelcadi.com\/de\/wp-json\/wp\/v2\/tags?post=18444"}],"curies":[{"name":"wp","href":"https:\/\/api.w.org\/{rel}","templated":true}]}}